{"id":2638,"date":"2025-05-27T00:17:19","date_gmt":"2025-05-27T03:17:19","guid":{"rendered":"https:\/\/sindticccba.org.br\/?p=2638"},"modified":"2025-05-27T00:18:42","modified_gmt":"2025-05-27T03:18:42","slug":"industria-volta-a-crescer-com-lula-mas-selic-pode-inviabilizar-retomada","status":"publish","type":"post","link":"https:\/\/sindticccba.org.br\/index.php\/2025\/05\/27\/industria-volta-a-crescer-com-lula-mas-selic-pode-inviabilizar-retomada\/","title":{"rendered":"Ind\u00fastria volta a crescer com Lula, mas Selic pode inviabilizar retomada"},"content":{"rendered":"<p>Impulsionado por incentivos federais, setor cresce acima da m\u00e9dia mundial, mas juros altos desincentivam investimentos<\/p>\n<p><a href=\"https:\/\/sindticccba.org.br\/wp-content\/uploads\/2025\/05\/KUKA_Industrial_Robots_IR-1140x815-1.webp\"><img loading=\"lazy\" decoding=\"async\" src=\"https:\/\/sindticccba.org.br\/wp-content\/uploads\/2025\/05\/KUKA_Industrial_Robots_IR-1140x815-1-1024x732.webp\" alt=\"\" width=\"696\" height=\"498\" class=\"alignnone size-large wp-image-2639\" srcset=\"https:\/\/sindticccba.org.br\/wp-content\/uploads\/2025\/05\/KUKA_Industrial_Robots_IR-1140x815-1-1024x732.webp 1024w, https:\/\/sindticccba.org.br\/wp-content\/uploads\/2025\/05\/KUKA_Industrial_Robots_IR-1140x815-1-300x214.webp 300w, https:\/\/sindticccba.org.br\/wp-content\/uploads\/2025\/05\/KUKA_Industrial_Robots_IR-1140x815-1-768x549.webp 768w, https:\/\/sindticccba.org.br\/wp-content\/uploads\/2025\/05\/KUKA_Industrial_Robots_IR-1140x815-1-696x498.webp 696w, https:\/\/sindticccba.org.br\/wp-content\/uploads\/2025\/05\/KUKA_Industrial_Robots_IR-1140x815-1-1068x764.webp 1068w, https:\/\/sindticccba.org.br\/wp-content\/uploads\/2025\/05\/KUKA_Industrial_Robots_IR-1140x815-1.webp 1140w\" sizes=\"auto, (max-width: 696px) 100vw, 696px\" \/><\/a><\/p>\n<p>Vinicius Konchinski<\/p>\n<p>O domingo (25) foi o Dia Nacional da Ind\u00fastria, e o governo do presidente Luiz In\u00e1cio Lula da Silva (PT) aproveitou a data para fazer um balan\u00e7o de pol\u00edticas p\u00fablicas para o setor. Reindustrializar o pa\u00eds \u00e9 uma promessa de campanha de Lula e, por isso, em 2024, seu governo lan\u00e7ou o programa Nova Ind\u00fastria Brasil (NIB).<\/p>\n<p>Segundo economistas ouvidos pelo Brasil de Fato e estat\u00edsticas oficiais, o NIB, de fato, tem dado resultado. Em 2024, a produ\u00e7\u00e3o industrial brasileira cresceu 3,1%, a terceira maior expans\u00e3o registrada nos \u00faltimos 15 anos.<\/p>\n<p>S\u00f3 a ind\u00fastria de transforma\u00e7\u00e3o, aquela que est\u00e1 mais diretamente ligada \u00e0 produ\u00e7\u00e3o de bens de consumo, cresceu 3,8% em 2024, a maior expans\u00e3o em 14 anos. A ind\u00fastria automobil\u00edstica do Brasil foi a que mais cresceu no mundo no ano passado, e a ind\u00fastria brasileira como um todo cresceu mais que a m\u00e9dia mundial.<\/p>\n<p>De acordo com o Minist\u00e9rio do Desenvolvimento, Ind\u00fastria, Com\u00e9rcio e Servi\u00e7os (Mdic), desde 2023, a ind\u00fastria gerou 585 mil empregos com carteira assinada no Brasil. Contribuiu, portanto, para que o pa\u00eds atingisse seu menor n\u00edvel de desemprego da hist\u00f3ria, nos \u00faltimos meses de 2024.<\/p>\n<p>\u201cH\u00e1 indiscutivelmente uma retomada da ind\u00fastria, que vinha se deteriorando desde o in\u00edcio da crise econ\u00f4mica, ainda em 2014. A produ\u00e7\u00e3o f\u00edsica, desde que o Lula assumiu, j\u00e1 cresceu 5%. Ainda \u00e9 um patamar muito menor do que no seu auge, entre 2007 e 2014. Mas \u00e9 uma retomada\u201d, disse Eric Gil Dantas, economista do Instituto Brasileiro de Estudos Pol\u00edticos e Sociais (Ibeps).<\/p>\n<p>Weslley Cantelmo, presidente do Instituto Economias e Planejamento, confirma o bom momento, que liga diretamente ao NIB, que tem oferecido empr\u00e9stimos com condi\u00e7\u00f5es especiais para incentivar a ind\u00fastria.<\/p>\n<p>De acordo com o Minist\u00e9rio do Desenvolvimento, Ind\u00fastria, Com\u00e9rcio e Servi\u00e7os (Mdic), at\u00e9 2026, R$ 500 bilh\u00f5es ser\u00e3o emprestados por meio do NIB.<\/p>\n<p>Selic freia retomada<br \/>\nCantemo e Dantas, contudo, lembram que essa retomada est\u00e1 amea\u00e7ada pelo aumento da taxa b\u00e1sica de juros da economia nacional. Por decis\u00e3o do Comit\u00ea de Pol\u00edtica Monet\u00e1ria (Copom) do Banco Central (BC), a Selic chegou a 14,75% ao ano neste m\u00eas, o que encarece o financiamento e ainda desincentiva o investimento.<\/p>\n<p>\u201cA Selic em alta gera um cen\u00e1rio de maior cautela no investimento produtivo porque o investimento em renda fixa, no banco, acaba ficando mais atrativo\u201d, explicou ele.<\/p>\n<p>Dantas disse que a taxa de investimento brasileiro com rela\u00e7\u00e3o ao seu Produto Interno Bruto (PIB) ainda \u00e9 pequena: 17%. J\u00e1 chegou a ser 20%, lembrou ele. Para ele, isso precisa ser retomado. Mas, com a Selic neste patamar, \u00e9 praticamente imposs\u00edvel.<\/p>\n<p>\u201cCom certeza Lula deve lamentar que a sua nomea\u00e7\u00e3o para o BC esteja tornando a meta de reindustrializa\u00e7\u00e3o do pa\u00eds algo t\u00e3o dif\u00edcil\u201d, afirmou. \u201cGabriel Gal\u00edpolo [presidente do BC indicado por Lula] j\u00e1 deixou claro que ir\u00e1 manter essa taxa de juros em patamares elevados por um bom tempo, o que deve frear o processo de investimento nesta segunda metade do mandato do Lula.\u201d<\/p>\n<p>Modernizar para competir<br \/>\nJos\u00e9 Luis Oreiro, economista e professor da Universidade de Bras\u00edlia (UnB), afirmou que, ap\u00f3s d\u00e9cadas de maus resultados, a ind\u00fastria brasileira precisa se modernizar para poder competir com a de outros pa\u00edses. Segundo ele, a idade m\u00e9dia do parque industrial brasileiro \u00e9 de 20 anos e, portanto, est\u00e1 defasado.<\/p>\n<p>Viabilizar investimentos por meio de juros baixos seria crucial para a moderniza\u00e7\u00e3o, assim como manter uma taxa de c\u00e2mbio est\u00e1vel.<\/p>\n<p>\u201cO Brasil tem que adotar um modelo de promo\u00e7\u00e3o de exporta\u00e7\u00e3o de manufaturados. Para isso, a gente precisa investir na moderniza\u00e7\u00e3o tecnol\u00f3gica do parque industrial\u201d, afirmou ele. \u201cA volatilidade cambial \u00e9 p\u00e9ssima para o investimento na ind\u00fastria de transforma\u00e7\u00e3o. Um empres\u00e1rio precisa ter previsibilidade em termos do comportamento da taxa de c\u00e2mbio.\u201d<\/p>\n<p>Na semana passada, o governo federal anunciou mudan\u00e7as no Imposto sobre Opera\u00e7\u00f5es Financeiras (IOF) que tendem a reduzir o sobe e desce do d\u00f3lar no Brasil.<\/p>\n<p><em>(Fonte: Brasil de Fato, 26\/05\/2025)<\/em><\/p>\n","protected":false},"excerpt":{"rendered":"<p>Impulsionado por incentivos federais, setor cresce acima da m\u00e9dia mundial, mas juros altos desincentivam investimentos Vinicius Konchinski O domingo (25) foi o Dia Nacional da Ind\u00fastria, e o governo do presidente Luiz In\u00e1cio Lula da Silva (PT) aproveitou a data para fazer um balan\u00e7o de pol\u00edticas p\u00fablicas para o setor. Reindustrializar o pa\u00eds \u00e9 uma [&hellip;]<\/p>\n","protected":false},"author":4,"featured_media":2639,"comment_status":"closed","ping_status":"closed","sticky":false,"template":"","format":"standard","meta":{"footnotes":""},"categories":[1],"tags":[],"class_list":{"0":"post-2638","1":"post","2":"type-post","3":"status-publish","4":"format-standard","5":"has-post-thumbnail","7":"category-noticias"},"_links":{"self":[{"href":"https:\/\/sindticccba.org.br\/index.php\/wp-json\/wp\/v2\/posts\/2638","targetHints":{"allow":["GET"]}}],"collection":[{"href":"https:\/\/sindticccba.org.br\/index.php\/wp-json\/wp\/v2\/posts"}],"about":[{"href":"https:\/\/sindticccba.org.br\/index.php\/wp-json\/wp\/v2\/types\/post"}],"author":[{"embeddable":true,"href":"https:\/\/sindticccba.org.br\/index.php\/wp-json\/wp\/v2\/users\/4"}],"replies":[{"embeddable":true,"href":"https:\/\/sindticccba.org.br\/index.php\/wp-json\/wp\/v2\/comments?post=2638"}],"version-history":[{"count":2,"href":"https:\/\/sindticccba.org.br\/index.php\/wp-json\/wp\/v2\/posts\/2638\/revisions"}],"predecessor-version":[{"id":2641,"href":"https:\/\/sindticccba.org.br\/index.php\/wp-json\/wp\/v2\/posts\/2638\/revisions\/2641"}],"wp:featuredmedia":[{"embeddable":true,"href":"https:\/\/sindticccba.org.br\/index.php\/wp-json\/wp\/v2\/media\/2639"}],"wp:attachment":[{"href":"https:\/\/sindticccba.org.br\/index.php\/wp-json\/wp\/v2\/media?parent=2638"}],"wp:term":[{"taxonomy":"category","embeddable":true,"href":"https:\/\/sindticccba.org.br\/index.php\/wp-json\/wp\/v2\/categories?post=2638"},{"taxonomy":"post_tag","embeddable":true,"href":"https:\/\/sindticccba.org.br\/index.php\/wp-json\/wp\/v2\/tags?post=2638"}],"curies":[{"name":"wp","href":"https:\/\/api.w.org\/{rel}","templated":true}]}}