{"id":2605,"date":"2025-05-18T20:42:33","date_gmt":"2025-05-18T23:42:33","guid":{"rendered":"https:\/\/sindticccba.org.br\/?p=2605"},"modified":"2025-05-18T20:43:45","modified_gmt":"2025-05-18T23:43:45","slug":"sindticcc-participa-da-1a-corrida-maes-em-movimento","status":"publish","type":"post","link":"https:\/\/sindticccba.org.br\/index.php\/2025\/05\/18\/sindticcc-participa-da-1a-corrida-maes-em-movimento\/","title":{"rendered":"SINDTICCC PARTICIPA DA 1\u00aa CORRIDA M\u00c3ES EM MOVIMENTO"},"content":{"rendered":"<p>O Sindticcc foi literalmente para a pista na manh\u00e3 deste domingo, 18\/05, participando ativamente da 1\u00aa Corrida da Feira \u2013 M\u00e3es em Movimento, que teve largada \u00e0s 6h30 ao lado da Feira de Cama\u00e7ari, percorrendo 5 quil\u00f4metros pelas ruas da cidade. O evento foi um sucesso, reunindo milhares de pessoas e prestando homenagem \u00e0s m\u00e3es trabalhadoras, com premia\u00e7\u00f5es em diferentes categorias.<br \/>\nO coordenador-geral do Sindticcc, Antonio Ubirajara, fez a entrega dos cheques aos vencedores. \u201cFoi um evento que agitou o domingo em Cama\u00e7ari, fazendo uma merecida homenagem a todas as m\u00e3es trabalhadoras e incentivando a atividade f\u00edsica voltada para uma vida mais saud\u00e1vel. Nosso sindicato deu todo apoio e foi um dos patrocinadores da corrida, e me sinto feliz em participar representando a nossa categoria. Que venham mais eventos como esse\u201d, enfatizou Bira.<\/p>\n<p><a href=\"https:\/\/sindticccba.org.br\/wp-content\/uploads\/2025\/05\/cac62080-159f-4ee0-97db-fc022c8770ec-1.jpg\"><img loading=\"lazy\" decoding=\"async\" class=\"alignnone size-large wp-image-2614\" src=\"https:\/\/sindticccba.org.br\/wp-content\/uploads\/2025\/05\/cac62080-159f-4ee0-97db-fc022c8770ec-1-768x1024.jpg\" alt=\"\" width=\"696\" height=\"928\" srcset=\"https:\/\/sindticccba.org.br\/wp-content\/uploads\/2025\/05\/cac62080-159f-4ee0-97db-fc022c8770ec-1-768x1024.jpg 768w, https:\/\/sindticccba.org.br\/wp-content\/uploads\/2025\/05\/cac62080-159f-4ee0-97db-fc022c8770ec-1-225x300.jpg 225w, https:\/\/sindticccba.org.br\/wp-content\/uploads\/2025\/05\/cac62080-159f-4ee0-97db-fc022c8770ec-1-696x928.jpg 696w, https:\/\/sindticccba.org.br\/wp-content\/uploads\/2025\/05\/cac62080-159f-4ee0-97db-fc022c8770ec-1.jpg 960w\" sizes=\"auto, (max-width: 696px) 100vw, 696px\" \/><\/a> <a href=\"https:\/\/sindticccba.org.br\/wp-content\/uploads\/2025\/05\/88477a1b-2769-426d-bb30-9ad73dad0394-1-scaled.jpg\"><img loading=\"lazy\" decoding=\"async\" class=\"alignnone size-large wp-image-2615\" src=\"https:\/\/sindticccba.org.br\/wp-content\/uploads\/2025\/05\/88477a1b-2769-426d-bb30-9ad73dad0394-1-768x1024.jpg\" alt=\"\" width=\"696\" height=\"928\" srcset=\"https:\/\/sindticccba.org.br\/wp-content\/uploads\/2025\/05\/88477a1b-2769-426d-bb30-9ad73dad0394-1-768x1024.jpg 768w, https:\/\/sindticccba.org.br\/wp-content\/uploads\/2025\/05\/88477a1b-2769-426d-bb30-9ad73dad0394-1-225x300.jpg 225w, https:\/\/sindticccba.org.br\/wp-content\/uploads\/2025\/05\/88477a1b-2769-426d-bb30-9ad73dad0394-1-1152x1536.jpg 1152w, https:\/\/sindticccba.org.br\/wp-content\/uploads\/2025\/05\/88477a1b-2769-426d-bb30-9ad73dad0394-1-1536x2048.jpg 1536w, https:\/\/sindticccba.org.br\/wp-content\/uploads\/2025\/05\/88477a1b-2769-426d-bb30-9ad73dad0394-1-696x928.jpg 696w, https:\/\/sindticccba.org.br\/wp-content\/uploads\/2025\/05\/88477a1b-2769-426d-bb30-9ad73dad0394-1-1068x1424.jpg 1068w, https:\/\/sindticccba.org.br\/wp-content\/uploads\/2025\/05\/88477a1b-2769-426d-bb30-9ad73dad0394-1-scaled.jpg 1920w\" sizes=\"auto, (max-width: 696px) 100vw, 696px\" \/><\/a> <a href=\"https:\/\/sindticccba.org.br\/wp-content\/uploads\/2025\/05\/bab6f7d6-1cf1-4691-981b-a56a215d40d1-2.jpg\"><img loading=\"lazy\" decoding=\"async\" class=\"alignnone size-large wp-image-2617\" src=\"https:\/\/sindticccba.org.br\/wp-content\/uploads\/2025\/05\/bab6f7d6-1cf1-4691-981b-a56a215d40d1-2-576x1024.jpg\" alt=\"\" width=\"576\" height=\"1024\" srcset=\"https:\/\/sindticccba.org.br\/wp-content\/uploads\/2025\/05\/bab6f7d6-1cf1-4691-981b-a56a215d40d1-2-576x1024.jpg 576w, https:\/\/sindticccba.org.br\/wp-content\/uploads\/2025\/05\/bab6f7d6-1cf1-4691-981b-a56a215d40d1-2-169x300.jpg 169w, https:\/\/sindticccba.org.br\/wp-content\/uploads\/2025\/05\/bab6f7d6-1cf1-4691-981b-a56a215d40d1-2-696x1237.jpg 696w, https:\/\/sindticccba.org.br\/wp-content\/uploads\/2025\/05\/bab6f7d6-1cf1-4691-981b-a56a215d40d1-2.jpg 720w\" sizes=\"auto, (max-width: 576px) 100vw, 576px\" \/><\/a><\/p>\n<p><a href=\"https:\/\/sindticccba.org.br\/wp-content\/uploads\/2025\/05\/80b7b9ec-fa43-489c-8b69-de7b9aaf6d85-scaled.jpg\"><img loading=\"lazy\" decoding=\"async\" class=\"alignnone size-large wp-image-2611\" src=\"https:\/\/sindticccba.org.br\/wp-content\/uploads\/2025\/05\/80b7b9ec-fa43-489c-8b69-de7b9aaf6d85-768x1024.jpg\" alt=\"\" width=\"696\" height=\"928\" srcset=\"https:\/\/sindticccba.org.br\/wp-content\/uploads\/2025\/05\/80b7b9ec-fa43-489c-8b69-de7b9aaf6d85-768x1024.jpg 768w, https:\/\/sindticccba.org.br\/wp-content\/uploads\/2025\/05\/80b7b9ec-fa43-489c-8b69-de7b9aaf6d85-225x300.jpg 225w, https:\/\/sindticccba.org.br\/wp-content\/uploads\/2025\/05\/80b7b9ec-fa43-489c-8b69-de7b9aaf6d85-1152x1536.jpg 1152w, https:\/\/sindticccba.org.br\/wp-content\/uploads\/2025\/05\/80b7b9ec-fa43-489c-8b69-de7b9aaf6d85-1536x2048.jpg 1536w, https:\/\/sindticccba.org.br\/wp-content\/uploads\/2025\/05\/80b7b9ec-fa43-489c-8b69-de7b9aaf6d85-696x928.jpg 696w, https:\/\/sindticccba.org.br\/wp-content\/uploads\/2025\/05\/80b7b9ec-fa43-489c-8b69-de7b9aaf6d85-1068x1424.jpg 1068w, https:\/\/sindticccba.org.br\/wp-content\/uploads\/2025\/05\/80b7b9ec-fa43-489c-8b69-de7b9aaf6d85-scaled.jpg 1920w\" sizes=\"auto, (max-width: 696px) 100vw, 696px\" \/><\/a><\/p>\n","protected":false},"excerpt":{"rendered":"<p>O Sindticcc foi literalmente para a pista na manh\u00e3 deste domingo, 18\/05, participando ativamente da 1\u00aa Corrida da Feira \u2013 M\u00e3es em Movimento, que teve largada \u00e0s 6h30 ao lado da Feira de Cama\u00e7ari, percorrendo 5 quil\u00f4metros pelas ruas da cidade. O evento foi um sucesso, reunindo milhares de pessoas e prestando homenagem \u00e0s m\u00e3es [&hellip;]<\/p>\n","protected":false},"author":4,"featured_media":2614,"comment_status":"closed","ping_status":"closed","sticky":false,"template":"","format":"standard","meta":{"footnotes":""},"categories":[1],"tags":[],"class_list":{"0":"post-2605","1":"post","2":"type-post","3":"status-publish","4":"format-standard","5":"has-post-thumbnail","7":"category-noticias"},"_links":{"self":[{"href":"https:\/\/sindticccba.org.br\/index.php\/wp-json\/wp\/v2\/posts\/2605","targetHints":{"allow":["GET"]}}],"collection":[{"href":"https:\/\/sindticccba.org.br\/index.php\/wp-json\/wp\/v2\/posts"}],"about":[{"href":"https:\/\/sindticccba.org.br\/index.php\/wp-json\/wp\/v2\/types\/post"}],"author":[{"embeddable":true,"href":"https:\/\/sindticccba.org.br\/index.php\/wp-json\/wp\/v2\/users\/4"}],"replies":[{"embeddable":true,"href":"https:\/\/sindticccba.org.br\/index.php\/wp-json\/wp\/v2\/comments?post=2605"}],"version-history":[{"count":2,"href":"https:\/\/sindticccba.org.br\/index.php\/wp-json\/wp\/v2\/posts\/2605\/revisions"}],"predecessor-version":[{"id":2619,"href":"https:\/\/sindticccba.org.br\/index.php\/wp-json\/wp\/v2\/posts\/2605\/revisions\/2619"}],"wp:featuredmedia":[{"embeddable":true,"href":"https:\/\/sindticccba.org.br\/index.php\/wp-json\/wp\/v2\/media\/2614"}],"wp:attachment":[{"href":"https:\/\/sindticccba.org.br\/index.php\/wp-json\/wp\/v2\/media?parent=2605"}],"wp:term":[{"taxonomy":"category","embeddable":true,"href":"https:\/\/sindticccba.org.br\/index.php\/wp-json\/wp\/v2\/categories?post=2605"},{"taxonomy":"post_tag","embeddable":true,"href":"https:\/\/sindticccba.org.br\/index.php\/wp-json\/wp\/v2\/tags?post=2605"}],"curies":[{"name":"wp","href":"https:\/\/api.w.org\/{rel}","templated":true}]}}