{"id":2593,"date":"2025-05-13T15:48:01","date_gmt":"2025-05-13T18:48:01","guid":{"rendered":"https:\/\/sindticccba.org.br\/?p=2593"},"modified":"2025-05-13T15:48:01","modified_gmt":"2025-05-13T18:48:01","slug":"bolso-vazio-braco-cruzado-trabalhadores-da-obra-da-byd-param-por-atraso-salarial","status":"publish","type":"post","link":"https:\/\/sindticccba.org.br\/index.php\/2025\/05\/13\/bolso-vazio-braco-cruzado-trabalhadores-da-obra-da-byd-param-por-atraso-salarial\/","title":{"rendered":"BOLSO VAZIO, BRA\u00c7O CRUZADO: TRABALHADORES DA OBRA DA BYD PARAM POR ATRASO SALARIAL"},"content":{"rendered":"<p><a href=\"https:\/\/sindticccba.org.br\/wp-content\/uploads\/2025\/05\/0550d809-73c8-4ea4-acee-9f755b66396a-scaled.jpg\"><img loading=\"lazy\" decoding=\"async\" class=\"alignnone size-large wp-image-2594\" src=\"https:\/\/sindticccba.org.br\/wp-content\/uploads\/2025\/05\/0550d809-73c8-4ea4-acee-9f755b66396a-1024x576.jpg\" alt=\"\" width=\"696\" height=\"392\" srcset=\"https:\/\/sindticccba.org.br\/wp-content\/uploads\/2025\/05\/0550d809-73c8-4ea4-acee-9f755b66396a-1024x576.jpg 1024w, https:\/\/sindticccba.org.br\/wp-content\/uploads\/2025\/05\/0550d809-73c8-4ea4-acee-9f755b66396a-300x169.jpg 300w, https:\/\/sindticccba.org.br\/wp-content\/uploads\/2025\/05\/0550d809-73c8-4ea4-acee-9f755b66396a-768x432.jpg 768w, https:\/\/sindticccba.org.br\/wp-content\/uploads\/2025\/05\/0550d809-73c8-4ea4-acee-9f755b66396a-1536x864.jpg 1536w, https:\/\/sindticccba.org.br\/wp-content\/uploads\/2025\/05\/0550d809-73c8-4ea4-acee-9f755b66396a-2048x1152.jpg 2048w, https:\/\/sindticccba.org.br\/wp-content\/uploads\/2025\/05\/0550d809-73c8-4ea4-acee-9f755b66396a-696x392.jpg 696w, https:\/\/sindticccba.org.br\/wp-content\/uploads\/2025\/05\/0550d809-73c8-4ea4-acee-9f755b66396a-1068x601.jpg 1068w, https:\/\/sindticccba.org.br\/wp-content\/uploads\/2025\/05\/0550d809-73c8-4ea4-acee-9f755b66396a-1920x1080.jpg 1920w\" sizes=\"auto, (max-width: 696px) 100vw, 696px\" \/><\/a><\/p>\n<p>Com pagamento de sal\u00e1rios em atraso, os trabalhadores da obra da BYD realizaram uma grande mobiliza\u00e7\u00e3o hoje, no Polo Industrial de Cama\u00e7ari, sob o comando do Sindticcc. A categoria decidiu paralisar as atividades at\u00e9 que as empresas contratadas da BYD regularizem o pagamento e respeitem a conven\u00e7\u00e3o coletiva. O Sindticcc t\u00e1 colado, acompanhando tudo para garantir que os direitos da categoria sejam cumpridos. Tamo junto, pois s\u00f3 conquista quem luta!&nbsp;<\/p>\n<p><a href=\"https:\/\/sindticccba.org.br\/wp-content\/uploads\/2025\/05\/3a89f467-b758-4cca-aae4-e586e55f1002.jpg\"><img loading=\"lazy\" decoding=\"async\" class=\"alignnone wp-image-2595\" src=\"https:\/\/sindticccba.org.br\/wp-content\/uploads\/2025\/05\/3a89f467-b758-4cca-aae4-e586e55f1002-771x1024.jpg\" alt=\"\" width=\"373\" height=\"495\" srcset=\"https:\/\/sindticccba.org.br\/wp-content\/uploads\/2025\/05\/3a89f467-b758-4cca-aae4-e586e55f1002-771x1024.jpg 771w, https:\/\/sindticccba.org.br\/wp-content\/uploads\/2025\/05\/3a89f467-b758-4cca-aae4-e586e55f1002-226x300.jpg 226w, https:\/\/sindticccba.org.br\/wp-content\/uploads\/2025\/05\/3a89f467-b758-4cca-aae4-e586e55f1002-768x1021.jpg 768w, https:\/\/sindticccba.org.br\/wp-content\/uploads\/2025\/05\/3a89f467-b758-4cca-aae4-e586e55f1002-1156x1536.jpg 1156w, https:\/\/sindticccba.org.br\/wp-content\/uploads\/2025\/05\/3a89f467-b758-4cca-aae4-e586e55f1002-696x925.jpg 696w, https:\/\/sindticccba.org.br\/wp-content\/uploads\/2025\/05\/3a89f467-b758-4cca-aae4-e586e55f1002-1068x1419.jpg 1068w, https:\/\/sindticccba.org.br\/wp-content\/uploads\/2025\/05\/3a89f467-b758-4cca-aae4-e586e55f1002.jpg 1204w\" sizes=\"auto, (max-width: 373px) 100vw, 373px\" \/><\/a><\/p>\n<p><a href=\"https:\/\/sindticccba.org.br\/wp-content\/uploads\/2025\/05\/29d0649c-bd89-4864-8553-d07c5700c989.jpg\"><img loading=\"lazy\" decoding=\"async\" class=\"alignnone wp-image-2596\" src=\"https:\/\/sindticccba.org.br\/wp-content\/uploads\/2025\/05\/29d0649c-bd89-4864-8553-d07c5700c989-1024x771.jpg\" alt=\"\" width=\"483\" height=\"364\" srcset=\"https:\/\/sindticccba.org.br\/wp-content\/uploads\/2025\/05\/29d0649c-bd89-4864-8553-d07c5700c989-1024x771.jpg 1024w, https:\/\/sindticccba.org.br\/wp-content\/uploads\/2025\/05\/29d0649c-bd89-4864-8553-d07c5700c989-300x226.jpg 300w, https:\/\/sindticccba.org.br\/wp-content\/uploads\/2025\/05\/29d0649c-bd89-4864-8553-d07c5700c989-768x578.jpg 768w, https:\/\/sindticccba.org.br\/wp-content\/uploads\/2025\/05\/29d0649c-bd89-4864-8553-d07c5700c989-1536x1156.jpg 1536w, https:\/\/sindticccba.org.br\/wp-content\/uploads\/2025\/05\/29d0649c-bd89-4864-8553-d07c5700c989-696x524.jpg 696w, https:\/\/sindticccba.org.br\/wp-content\/uploads\/2025\/05\/29d0649c-bd89-4864-8553-d07c5700c989-1068x804.jpg 1068w, https:\/\/sindticccba.org.br\/wp-content\/uploads\/2025\/05\/29d0649c-bd89-4864-8553-d07c5700c989.jpg 1600w\" sizes=\"auto, (max-width: 483px) 100vw, 483px\" \/><\/a><\/p>\n<p><a href=\"https:\/\/sindticccba.org.br\/wp-content\/uploads\/2025\/05\/73fb0e04-62b7-4bc1-b349-726aa482f37a.jpg\"><img loading=\"lazy\" decoding=\"async\" class=\"alignnone wp-image-2597\" src=\"https:\/\/sindticccba.org.br\/wp-content\/uploads\/2025\/05\/73fb0e04-62b7-4bc1-b349-726aa482f37a-1024x771.jpg\" alt=\"\" width=\"482\" height=\"363\" srcset=\"https:\/\/sindticccba.org.br\/wp-content\/uploads\/2025\/05\/73fb0e04-62b7-4bc1-b349-726aa482f37a-1024x771.jpg 1024w, https:\/\/sindticccba.org.br\/wp-content\/uploads\/2025\/05\/73fb0e04-62b7-4bc1-b349-726aa482f37a-300x226.jpg 300w, https:\/\/sindticccba.org.br\/wp-content\/uploads\/2025\/05\/73fb0e04-62b7-4bc1-b349-726aa482f37a-768x578.jpg 768w, https:\/\/sindticccba.org.br\/wp-content\/uploads\/2025\/05\/73fb0e04-62b7-4bc1-b349-726aa482f37a-1536x1156.jpg 1536w, https:\/\/sindticccba.org.br\/wp-content\/uploads\/2025\/05\/73fb0e04-62b7-4bc1-b349-726aa482f37a-696x524.jpg 696w, https:\/\/sindticccba.org.br\/wp-content\/uploads\/2025\/05\/73fb0e04-62b7-4bc1-b349-726aa482f37a-1068x804.jpg 1068w, https:\/\/sindticccba.org.br\/wp-content\/uploads\/2025\/05\/73fb0e04-62b7-4bc1-b349-726aa482f37a.jpg 1600w\" sizes=\"auto, (max-width: 482px) 100vw, 482px\" \/><\/a><\/p>\n","protected":false},"excerpt":{"rendered":"<p>Com pagamento de sal\u00e1rios em atraso, os trabalhadores da obra da BYD realizaram uma grande mobiliza\u00e7\u00e3o hoje, no Polo Industrial de Cama\u00e7ari, sob o comando do Sindticcc. A categoria decidiu paralisar as atividades at\u00e9 que as empresas contratadas da BYD regularizem o pagamento e respeitem a conven\u00e7\u00e3o coletiva. O Sindticcc t\u00e1 colado, acompanhando tudo para [&hellip;]<\/p>\n","protected":false},"author":4,"featured_media":2594,"comment_status":"closed","ping_status":"closed","sticky":false,"template":"","format":"standard","meta":{"footnotes":""},"categories":[1],"tags":[],"class_list":{"0":"post-2593","1":"post","2":"type-post","3":"status-publish","4":"format-standard","5":"has-post-thumbnail","7":"category-noticias"},"_links":{"self":[{"href":"https:\/\/sindticccba.org.br\/index.php\/wp-json\/wp\/v2\/posts\/2593","targetHints":{"allow":["GET"]}}],"collection":[{"href":"https:\/\/sindticccba.org.br\/index.php\/wp-json\/wp\/v2\/posts"}],"about":[{"href":"https:\/\/sindticccba.org.br\/index.php\/wp-json\/wp\/v2\/types\/post"}],"author":[{"embeddable":true,"href":"https:\/\/sindticccba.org.br\/index.php\/wp-json\/wp\/v2\/users\/4"}],"replies":[{"embeddable":true,"href":"https:\/\/sindticccba.org.br\/index.php\/wp-json\/wp\/v2\/comments?post=2593"}],"version-history":[{"count":1,"href":"https:\/\/sindticccba.org.br\/index.php\/wp-json\/wp\/v2\/posts\/2593\/revisions"}],"predecessor-version":[{"id":2598,"href":"https:\/\/sindticccba.org.br\/index.php\/wp-json\/wp\/v2\/posts\/2593\/revisions\/2598"}],"wp:featuredmedia":[{"embeddable":true,"href":"https:\/\/sindticccba.org.br\/index.php\/wp-json\/wp\/v2\/media\/2594"}],"wp:attachment":[{"href":"https:\/\/sindticccba.org.br\/index.php\/wp-json\/wp\/v2\/media?parent=2593"}],"wp:term":[{"taxonomy":"category","embeddable":true,"href":"https:\/\/sindticccba.org.br\/index.php\/wp-json\/wp\/v2\/categories?post=2593"},{"taxonomy":"post_tag","embeddable":true,"href":"https:\/\/sindticccba.org.br\/index.php\/wp-json\/wp\/v2\/tags?post=2593"}],"curies":[{"name":"wp","href":"https:\/\/api.w.org\/{rel}","templated":true}]}}