{"id":2575,"date":"2025-05-08T10:59:18","date_gmt":"2025-05-08T13:59:18","guid":{"rendered":"https:\/\/sindticccba.org.br\/?p=2575"},"modified":"2025-05-08T10:59:18","modified_gmt":"2025-05-08T13:59:18","slug":"industria-cresce-12-em-marco-apos-5-meses-de-queda-ou-estabilidade","status":"publish","type":"post","link":"https:\/\/sindticccba.org.br\/index.php\/2025\/05\/08\/industria-cresce-12-em-marco-apos-5-meses-de-queda-ou-estabilidade\/","title":{"rendered":"Ind\u00fastria cresce 1,2% em mar\u00e7o, ap\u00f3s 5 meses de queda ou estabilidade"},"content":{"rendered":"<p>Em 12 meses, setor avan\u00e7a 3,1%, mostra IBGE<\/p>\n<p><a href=\"https:\/\/sindticccba.org.br\/wp-content\/uploads\/2025\/05\/Ind.jpg\"><img loading=\"lazy\" decoding=\"async\" class=\"alignnone size-full wp-image-2576\" src=\"https:\/\/sindticccba.org.br\/wp-content\/uploads\/2025\/05\/Ind.jpg\" alt=\"\" width=\"700\" height=\"460\" srcset=\"https:\/\/sindticccba.org.br\/wp-content\/uploads\/2025\/05\/Ind.jpg 700w, https:\/\/sindticccba.org.br\/wp-content\/uploads\/2025\/05\/Ind-300x197.jpg 300w, https:\/\/sindticccba.org.br\/wp-content\/uploads\/2025\/05\/Ind-696x457.jpg 696w\" sizes=\"auto, (max-width: 700px) 100vw, 700px\" \/><\/a><\/p>\n<p><em>Bruno de Freitas Moura<br \/>\nAg\u00eancia Brasil &#8211; 07 Maio 2025<\/em><\/p>\n<p>A ind\u00fastria brasileira cresceu 1,2% na passagem de fevereiro para mar\u00e7o. O resultado rompe um per\u00edodo de cinco meses seguidos em que o setor acumulava perdas ou varia\u00e7\u00e3o positiva muito perto de zero, o que \u00e9 considerado estabilidade. \u00c9 tamb\u00e9m a maior expans\u00e3o desde junho de 2024, quando o crescimento ficou em 4,3%.<\/p>\n<p>Considerando apenas os meses de mar\u00e7o, esse \u00e9 o maior resultado desde 2018, quando cresceu 1,4%. O dado faz parte da Pesquisa Industrial Mensal, divulgado nesta quarta-feira (7) pelo Instituto Brasileiro de Geografia e Estat\u00edstica (IBGE).<\/p>\n<p>Em rela\u00e7\u00e3o a mar\u00e7o do ano passado, houve avan\u00e7o de 3,1%. Nesse tipo de compara\u00e7\u00e3o, \u00e9 a d\u00e9cima alta positiva seguida. Em 12 meses, a ind\u00fastria acumula 3,1%.<\/p>\n<p>Com esses resultados, a ind\u00fastria se encontra 2,8% acima do n\u00edvel pr\u00e9-pandemia (fevereiro de 2020) e 14,4% abaixo do ponto mais alto da s\u00e9rie hist\u00f3rica, registrado em maio de 2011.<\/p>\n<p>Veja o comportamento da ind\u00fastria nos \u00faltimos seis meses na compara\u00e7\u00e3o com o m\u00eas imediatamente anterior:<\/p>\n<p>Mar\u00e7o 2025: +1,2%<br \/>\nFevereiro 2025: 0%<br \/>\nJaneiro 2025: +0,1% (considerado estabilidade)<br \/>\nDezembro 2024: -0,3%<br \/>\nNovembro 2024: -0,7%<br \/>\nOutubro 2024: -0,1%<\/p>\n<p>Alta disseminada<br \/>\nO gerente da pesquisa, Andr\u00e9 Macedo, destaca que o crescimento de mar\u00e7o \u00e9 uma \u201ccompensa\u00e7\u00e3o de meses em que a ind\u00fastria mostrou menor dinamismo\u201d. S\u00f3 nos tr\u00eas \u00faltimos meses de 2024 o recuo acumulado tinha ficado em 1%.<\/p>\n<p>Macedo ressalta ainda que houve crescimento disseminado no setor e \u201csegmentos importantes mostrando crescimento na produ\u00e7\u00e3o\u201d.<\/p>\n<p>Das quatro grandes categorias econ\u00f4micas pesquisadas, tr\u00eas apresentaram expans\u00e3o:<\/p>\n<p>Bens de consumo dur\u00e1veis: 3,8%<br \/>\nBens de consumo semi e n\u00e3o dur\u00e1veis: 2,4%<br \/>\nBens Intermedi\u00e1rios (s\u00e3o usados na produ\u00e7\u00e3o de outros bens): 0,3%<br \/>\nBens de capital (m\u00e1quinas e equipamentos): -0,7%<br \/>\nOutro dado que mostra dissemina\u00e7\u00e3o do crescimento foi que, entre as 25 atividades pesquisadas, 16 apresentaram compara\u00e7\u00e3o positiva de fevereiro para mar\u00e7o, sendo as principais influ\u00eancias positivas:<\/p>\n<p>coque, produtos derivados do petr\u00f3leo e biocombust\u00edveis: 3,4%<br \/>\nind\u00fastrias extrativas: 2,8%<br \/>\nprodutos farmoqu\u00edmicos e farmac\u00eauticos: 13,7%<br \/>\nve\u00edculos automotores, reboques e carrocerias: 4%<br \/>\nO \u00edndice de difus\u00e3o, que mostra o percentual dos 789 produtos investigados que tiveram crescimento na produ\u00e7\u00e3o, ficou em 59,7% na passagem de fevereiro para mar\u00e7o.<\/p>\n<p>A m\u00e9dia m\u00f3vel trimestral, indicador que permite visualizar a tend\u00eancia de comportamento do setor sem interfer\u00eancias pontuais, ficou positiva em 0,4%, \u201cinterrompendo a trajet\u00f3ria predominantemente descendente iniciada em novembro de 2024\u201d, afirma o IBGE. A m\u00e9dia m\u00f3vel trimestral apurada em mar\u00e7o foi o primeiro resultado positivo desde outubro.<\/p>\n","protected":false},"excerpt":{"rendered":"<p>Em 12 meses, setor avan\u00e7a 3,1%, mostra IBGE Bruno de Freitas Moura Ag\u00eancia Brasil &#8211; 07 Maio 2025 A ind\u00fastria brasileira cresceu 1,2% na passagem de fevereiro para mar\u00e7o. O resultado rompe um per\u00edodo de cinco meses seguidos em que o setor acumulava perdas ou varia\u00e7\u00e3o positiva muito perto de zero, o que \u00e9 considerado [&hellip;]<\/p>\n","protected":false},"author":4,"featured_media":2576,"comment_status":"closed","ping_status":"closed","sticky":false,"template":"","format":"standard","meta":{"footnotes":""},"categories":[1],"tags":[],"class_list":{"0":"post-2575","1":"post","2":"type-post","3":"status-publish","4":"format-standard","5":"has-post-thumbnail","7":"category-noticias"},"_links":{"self":[{"href":"https:\/\/sindticccba.org.br\/index.php\/wp-json\/wp\/v2\/posts\/2575","targetHints":{"allow":["GET"]}}],"collection":[{"href":"https:\/\/sindticccba.org.br\/index.php\/wp-json\/wp\/v2\/posts"}],"about":[{"href":"https:\/\/sindticccba.org.br\/index.php\/wp-json\/wp\/v2\/types\/post"}],"author":[{"embeddable":true,"href":"https:\/\/sindticccba.org.br\/index.php\/wp-json\/wp\/v2\/users\/4"}],"replies":[{"embeddable":true,"href":"https:\/\/sindticccba.org.br\/index.php\/wp-json\/wp\/v2\/comments?post=2575"}],"version-history":[{"count":1,"href":"https:\/\/sindticccba.org.br\/index.php\/wp-json\/wp\/v2\/posts\/2575\/revisions"}],"predecessor-version":[{"id":2577,"href":"https:\/\/sindticccba.org.br\/index.php\/wp-json\/wp\/v2\/posts\/2575\/revisions\/2577"}],"wp:featuredmedia":[{"embeddable":true,"href":"https:\/\/sindticccba.org.br\/index.php\/wp-json\/wp\/v2\/media\/2576"}],"wp:attachment":[{"href":"https:\/\/sindticccba.org.br\/index.php\/wp-json\/wp\/v2\/media?parent=2575"}],"wp:term":[{"taxonomy":"category","embeddable":true,"href":"https:\/\/sindticccba.org.br\/index.php\/wp-json\/wp\/v2\/categories?post=2575"},{"taxonomy":"post_tag","embeddable":true,"href":"https:\/\/sindticccba.org.br\/index.php\/wp-json\/wp\/v2\/tags?post=2575"}],"curies":[{"name":"wp","href":"https:\/\/api.w.org\/{rel}","templated":true}]}}