{"id":2566,"date":"2025-05-02T11:41:52","date_gmt":"2025-05-02T14:41:52","guid":{"rendered":"https:\/\/sindticccba.org.br\/?p=2566"},"modified":"2025-05-02T11:41:52","modified_gmt":"2025-05-02T14:41:52","slug":"sindticcc-participa-da-1a-corrida-do-trabalhador-de-camacari","status":"publish","type":"post","link":"https:\/\/sindticccba.org.br\/index.php\/2025\/05\/02\/sindticcc-participa-da-1a-corrida-do-trabalhador-de-camacari\/","title":{"rendered":"SINDTICCC PARTICIPA DA 1\u00aa CORRIDA DO TRABALHADOR DE CAMA\u00c7ARI"},"content":{"rendered":"<p>O coordenador-geral do Sindticcc, Antonio Ubirajara, participou da 1\u00aa Corrida dos Trabalhadores de Cama\u00e7ari, que aconteceu nesse feriado de 1\u00ba de Maio. Bira deu entrevista \u00e0 TV digital Bahia Di\u00e1rio, enaltecendo o evento.<br \/>\nA a\u00e7\u00e3o foi um sucesso, e o Sindticcc agradece e parabeniza a todos que contribu\u00edram para a realiza\u00e7\u00e3o da 1\u00aa Corrida do Trabalhador, em especial \u00e0 Secretaria de Esporte, Lazer e Juventude, que demonstrou seu compromisso com a promo\u00e7\u00e3o da sa\u00fade, do bem-estar e da valoriza\u00e7\u00e3o dos trabalhadores por meio do esporte e da atividade f\u00edsica. O resultado foi um evento memor\u00e1vel, que celebrou n\u00e3o apenas o esporte, mas tamb\u00e9m a for\u00e7a e a import\u00e2ncia do trabalho em nossas vidas.<br \/>\nA todos os organizadores, volunt\u00e1rios, patrocinadores e parceiros, nosso muito obrigado. Que venham muitas outras edi\u00e7\u00f5es!<\/p>\n<div style=\"width: 696px;\" class=\"wp-video\"><video class=\"wp-video-shortcode\" id=\"video-2566-1\" width=\"696\" height=\"383\" preload=\"metadata\" controls=\"controls\"><source type=\"video\/mp4\" src=\"https:\/\/sindticccba.org.br\/wp-content\/uploads\/2025\/05\/WhatsApp-Video-2025-05-02-at-10.39.26.mp4?_=1\" \/><a href=\"https:\/\/sindticccba.org.br\/wp-content\/uploads\/2025\/05\/WhatsApp-Video-2025-05-02-at-10.39.26.mp4\">https:\/\/sindticccba.org.br\/wp-content\/uploads\/2025\/05\/WhatsApp-Video-2025-05-02-at-10.39.26.mp4<\/a><\/video><\/div>\n","protected":false},"excerpt":{"rendered":"<p>O coordenador-geral do Sindticcc, Antonio Ubirajara, participou da 1\u00aa Corrida dos Trabalhadores de Cama\u00e7ari, que aconteceu nesse feriado de 1\u00ba de Maio. Bira deu entrevista \u00e0 TV digital Bahia Di\u00e1rio, enaltecendo o evento. A a\u00e7\u00e3o foi um sucesso, e o Sindticcc agradece e parabeniza a todos que contribu\u00edram para a realiza\u00e7\u00e3o da 1\u00aa Corrida do [&hellip;]<\/p>\n","protected":false},"author":4,"featured_media":2568,"comment_status":"closed","ping_status":"closed","sticky":false,"template":"","format":"standard","meta":{"footnotes":""},"categories":[1],"tags":[],"class_list":{"0":"post-2566","1":"post","2":"type-post","3":"status-publish","4":"format-standard","5":"has-post-thumbnail","7":"category-noticias"},"_links":{"self":[{"href":"https:\/\/sindticccba.org.br\/index.php\/wp-json\/wp\/v2\/posts\/2566","targetHints":{"allow":["GET"]}}],"collection":[{"href":"https:\/\/sindticccba.org.br\/index.php\/wp-json\/wp\/v2\/posts"}],"about":[{"href":"https:\/\/sindticccba.org.br\/index.php\/wp-json\/wp\/v2\/types\/post"}],"author":[{"embeddable":true,"href":"https:\/\/sindticccba.org.br\/index.php\/wp-json\/wp\/v2\/users\/4"}],"replies":[{"embeddable":true,"href":"https:\/\/sindticccba.org.br\/index.php\/wp-json\/wp\/v2\/comments?post=2566"}],"version-history":[{"count":1,"href":"https:\/\/sindticccba.org.br\/index.php\/wp-json\/wp\/v2\/posts\/2566\/revisions"}],"predecessor-version":[{"id":2569,"href":"https:\/\/sindticccba.org.br\/index.php\/wp-json\/wp\/v2\/posts\/2566\/revisions\/2569"}],"wp:featuredmedia":[{"embeddable":true,"href":"https:\/\/sindticccba.org.br\/index.php\/wp-json\/wp\/v2\/media\/2568"}],"wp:attachment":[{"href":"https:\/\/sindticccba.org.br\/index.php\/wp-json\/wp\/v2\/media?parent=2566"}],"wp:term":[{"taxonomy":"category","embeddable":true,"href":"https:\/\/sindticccba.org.br\/index.php\/wp-json\/wp\/v2\/categories?post=2566"},{"taxonomy":"post_tag","embeddable":true,"href":"https:\/\/sindticccba.org.br\/index.php\/wp-json\/wp\/v2\/tags?post=2566"}],"curies":[{"name":"wp","href":"https:\/\/api.w.org\/{rel}","templated":true}]}}