{"id":2544,"date":"2025-04-28T11:39:00","date_gmt":"2025-04-28T14:39:00","guid":{"rendered":"https:\/\/sindticccba.org.br\/?p=2544"},"modified":"2025-04-28T18:01:37","modified_gmt":"2025-04-28T21:01:37","slug":"categoria-aprova-reajuste-de-550-retroativo-a-1o-de-abril","status":"publish","type":"post","link":"https:\/\/sindticccba.org.br\/index.php\/2025\/04\/28\/categoria-aprova-reajuste-de-550-retroativo-a-1o-de-abril\/","title":{"rendered":"CATEGORIA APROVA REAJUSTE DE 5,5% RETROATIVO A 1\u00ba DE ABRIL"},"content":{"rendered":"<p>Em assembleia realizada na manh\u00e3 de hoje, 28\/04, no Polo Industrial de Cama\u00e7ari, a categoria da montagem e manuten\u00e7\u00e3o industrial aprovou o reajuste salarial de 5,5%, retroativo a 1\u00ba de abril deste ano. Valeu a uni\u00e3o e a confian\u00e7a da nossa base, que se manteve mobilizada e fortaleceu a luta do Sindticcc em todos os momentos da jornada. Juntos somos mais fortes, S\u00d3 CONQUISTA QUEM LUTA!<\/p>\n<p><a href=\"https:\/\/sindticccba.org.br\/wp-content\/uploads\/2025\/04\/5ea7358e-7665-4895-b551-0513166c3151-scaled.jpg\"><img loading=\"lazy\" decoding=\"async\" class=\"alignnone size-large wp-image-2545\" src=\"https:\/\/sindticccba.org.br\/wp-content\/uploads\/2025\/04\/5ea7358e-7665-4895-b551-0513166c3151-768x1024.jpg\" alt=\"\" width=\"696\" height=\"928\" srcset=\"https:\/\/sindticccba.org.br\/wp-content\/uploads\/2025\/04\/5ea7358e-7665-4895-b551-0513166c3151-768x1024.jpg 768w, https:\/\/sindticccba.org.br\/wp-content\/uploads\/2025\/04\/5ea7358e-7665-4895-b551-0513166c3151-225x300.jpg 225w, https:\/\/sindticccba.org.br\/wp-content\/uploads\/2025\/04\/5ea7358e-7665-4895-b551-0513166c3151-1152x1536.jpg 1152w, https:\/\/sindticccba.org.br\/wp-content\/uploads\/2025\/04\/5ea7358e-7665-4895-b551-0513166c3151-1536x2048.jpg 1536w, https:\/\/sindticccba.org.br\/wp-content\/uploads\/2025\/04\/5ea7358e-7665-4895-b551-0513166c3151-696x928.jpg 696w, https:\/\/sindticccba.org.br\/wp-content\/uploads\/2025\/04\/5ea7358e-7665-4895-b551-0513166c3151-1068x1424.jpg 1068w, https:\/\/sindticccba.org.br\/wp-content\/uploads\/2025\/04\/5ea7358e-7665-4895-b551-0513166c3151-scaled.jpg 1920w\" sizes=\"auto, (max-width: 696px) 100vw, 696px\" \/><\/a><\/p>\n<p><a href=\"https:\/\/sindticccba.org.br\/wp-content\/uploads\/2025\/04\/00ec504a-7a8d-4083-8bc6-32a66b4b2645.jpg\"><img loading=\"lazy\" decoding=\"async\" class=\"alignnone size-large wp-image-2546\" src=\"https:\/\/sindticccba.org.br\/wp-content\/uploads\/2025\/04\/00ec504a-7a8d-4083-8bc6-32a66b4b2645-576x1024.jpg\" alt=\"\" width=\"576\" height=\"1024\" srcset=\"https:\/\/sindticccba.org.br\/wp-content\/uploads\/2025\/04\/00ec504a-7a8d-4083-8bc6-32a66b4b2645-576x1024.jpg 576w, https:\/\/sindticccba.org.br\/wp-content\/uploads\/2025\/04\/00ec504a-7a8d-4083-8bc6-32a66b4b2645-169x300.jpg 169w, https:\/\/sindticccba.org.br\/wp-content\/uploads\/2025\/04\/00ec504a-7a8d-4083-8bc6-32a66b4b2645-696x1237.jpg 696w, https:\/\/sindticccba.org.br\/wp-content\/uploads\/2025\/04\/00ec504a-7a8d-4083-8bc6-32a66b4b2645.jpg 720w\" sizes=\"auto, (max-width: 576px) 100vw, 576px\" \/><\/a><\/p>\n","protected":false},"excerpt":{"rendered":"<p>Em assembleia realizada na manh\u00e3 de hoje, 28\/04, no Polo Industrial de Cama\u00e7ari, a categoria da montagem e manuten\u00e7\u00e3o industrial aprovou o reajuste salarial de 5,5%, retroativo a 1\u00ba de abril deste ano. Valeu a uni\u00e3o e a confian\u00e7a da nossa base, que se manteve mobilizada e fortaleceu a luta do Sindticcc em todos os [&hellip;]<\/p>\n","protected":false},"author":4,"featured_media":2545,"comment_status":"closed","ping_status":"closed","sticky":false,"template":"","format":"standard","meta":{"footnotes":""},"categories":[1],"tags":[],"class_list":{"0":"post-2544","1":"post","2":"type-post","3":"status-publish","4":"format-standard","5":"has-post-thumbnail","7":"category-noticias"},"_links":{"self":[{"href":"https:\/\/sindticccba.org.br\/index.php\/wp-json\/wp\/v2\/posts\/2544","targetHints":{"allow":["GET"]}}],"collection":[{"href":"https:\/\/sindticccba.org.br\/index.php\/wp-json\/wp\/v2\/posts"}],"about":[{"href":"https:\/\/sindticccba.org.br\/index.php\/wp-json\/wp\/v2\/types\/post"}],"author":[{"embeddable":true,"href":"https:\/\/sindticccba.org.br\/index.php\/wp-json\/wp\/v2\/users\/4"}],"replies":[{"embeddable":true,"href":"https:\/\/sindticccba.org.br\/index.php\/wp-json\/wp\/v2\/comments?post=2544"}],"version-history":[{"count":2,"href":"https:\/\/sindticccba.org.br\/index.php\/wp-json\/wp\/v2\/posts\/2544\/revisions"}],"predecessor-version":[{"id":2548,"href":"https:\/\/sindticccba.org.br\/index.php\/wp-json\/wp\/v2\/posts\/2544\/revisions\/2548"}],"wp:featuredmedia":[{"embeddable":true,"href":"https:\/\/sindticccba.org.br\/index.php\/wp-json\/wp\/v2\/media\/2545"}],"wp:attachment":[{"href":"https:\/\/sindticccba.org.br\/index.php\/wp-json\/wp\/v2\/media?parent=2544"}],"wp:term":[{"taxonomy":"category","embeddable":true,"href":"https:\/\/sindticccba.org.br\/index.php\/wp-json\/wp\/v2\/categories?post=2544"},{"taxonomy":"post_tag","embeddable":true,"href":"https:\/\/sindticccba.org.br\/index.php\/wp-json\/wp\/v2\/tags?post=2544"}],"curies":[{"name":"wp","href":"https:\/\/api.w.org\/{rel}","templated":true}]}}