{"id":2534,"date":"2025-04-23T15:41:00","date_gmt":"2025-04-23T18:41:00","guid":{"rendered":"https:\/\/sindticccba.org.br\/?p=2534"},"modified":"2025-04-23T15:41:37","modified_gmt":"2025-04-23T18:41:37","slug":"saiba-as-diferencas-entre-trabalhador-informal-mei-autonomo-e-clt","status":"publish","type":"post","link":"https:\/\/sindticccba.org.br\/index.php\/2025\/04\/23\/saiba-as-diferencas-entre-trabalhador-informal-mei-autonomo-e-clt\/","title":{"rendered":"Saiba as diferen\u00e7as entre trabalhador informal, MEI, aut\u00f4nomo e CLT"},"content":{"rendered":"<p>Embora o regime CLT ofere\u00e7a mais direitos, os trabalhos informais, aut\u00f4nomos e por meio de MEIs v\u00eam ganhando espa\u00e7o<\/p>\n<p><a href=\"https:\/\/sindticccba.org.br\/wp-content\/uploads\/2025\/04\/CLT.jpeg\"><img loading=\"lazy\" decoding=\"async\" class=\"alignnone size-full wp-image-2535\" src=\"https:\/\/sindticccba.org.br\/wp-content\/uploads\/2025\/04\/CLT.jpeg\" alt=\"\" width=\"700\" height=\"460\" srcset=\"https:\/\/sindticccba.org.br\/wp-content\/uploads\/2025\/04\/CLT.jpeg 700w, https:\/\/sindticccba.org.br\/wp-content\/uploads\/2025\/04\/CLT-300x197.jpeg 300w, https:\/\/sindticccba.org.br\/wp-content\/uploads\/2025\/04\/CLT-696x457.jpeg 696w\" sizes=\"auto, (max-width: 700px) 100vw, 700px\" \/><\/a><\/p>\n<p>A CLT significa Consolida\u00e7\u00e3o das Leis do Trabalho. Ela assegura aos trabalhadores brasileiros diversos benef\u00edcios com j\u00e1 foi falado acima O regime de trabalho orientado por essa norma \u00e9 popularmente conhecido como \u201ctrabalho registrado\u201d ou \u201ctrabalho de carteira assinada\u201d<\/p>\n<p>De acordo com a titular da Coordenadoria Nacional de Promo\u00e7\u00e3o da Liberdade Sindical e do Di\u00e1logo Social (Conalis) do Minist\u00e9rio P\u00fablico do Trabalho (MPT), Vivian Brito Mattos, \u201co v\u00ednculo formal representa a garantia de um conjunto de conquistas hist\u00f3ricas\u201d. Ela conclui: \u201ca liberdade no mundo do trabalho n\u00e3o est\u00e1 apenas na aus\u00eancia de chefes, mas na possibilidade de viver com dignidade, sem medo da fome, da doen\u00e7a ou do abandono. Fortalecer o trabalho formal \u00e9 fortalecer a cidadania\u201d.<\/p>\n<p>Para a Central \u00danica dos Trabalhadores, a CLT \u00e9 crucial garantir direitos e condi\u00e7\u00f5es m\u00ednimas de trabalho aos trabalhadores, pois eles s\u00e3o resultado de lutas sindicais e um instrumento de prote\u00e7\u00e3o contra abusos. Assegurando os direitos j\u00e1 conquistados em lutas e negocia\u00e7\u00f5es.<\/p>\n<p>Trabalho aut\u00f4nomo<\/p>\n<p>Ainda que n\u00e3o contemple os mesmos direitos do trabalhador celetista, como f\u00e9rias remuneradas, FGTS, estabilidade salarial ou seguro-desemprego e de sa\u00fade, o trabalho aut\u00f4nomo atrai uma parcela crescente da popula\u00e7\u00e3o economicamente ativa, especialmente em um cen\u00e1rio de transforma\u00e7\u00f5es no mercado de trabalho e redu\u00e7\u00e3o da oferta de empregos formais.<\/p>\n<p>Esse avan\u00e7o do trabalho por conta pr\u00f3pria no Brasil revela mudan\u00e7as significativas no perfil da ocupa\u00e7\u00e3o dos brasileiros e aponta para uma crescente busca por autonomia e flexibilidade no exerc\u00edcio profissional. Segundo o Instituto Brasileiro de Geografia e Estat\u00edstica (IBGE), esse grupo inclui trabalhadores informais, aut\u00f4nomos, microempreendedores individuais (MEIs) e profissionais liberais \u2014 todos inseridos em um contexto sem subordina\u00e7\u00e3o direta a empregadores ou a subordinados.<\/p>\n<p>Esse modelo de inser\u00e7\u00e3o no mercado \u00e9 caracterizado pela independ\u00eancia na execu\u00e7\u00e3o das atividades e tem se mostrado cada vez mais representativo. De acordo com o t\u00e9cnico de planejamento e pesquisa da Diretoria de Estudos Sociais do Instituto de Pesquisa Econ\u00f4mica Aplicada (Ipea), Felipe Vella Pateo, a principal distin\u00e7\u00e3o desse perfil em rela\u00e7\u00e3o ao emprego com carteira assinada est\u00e1 na autonomia. \u201cO trabalhador por conta pr\u00f3pria n\u00e3o tem chefe e organiza sua rotina de trabalho conforme suas possibilidades. Isso permite maior flexibilidade de jornada e liberdade de escala\u201d, destaca.<\/p>\n<p>O modelo oferece a possibilidade de contribui\u00e7\u00e3o previdenci\u00e1ria simplificada, com valores reduzidos e isen\u00e7\u00e3o de encargos como o Fundo de Garantia do Tempo de Servi\u00e7o (FGTS). \u201cEsse profissional tem liberdade para gerir o pr\u00f3prio tempo e, dependendo do regime adotado, pode formalizar sua atividade com contribui\u00e7\u00f5es acess\u00edveis \u00e0 Previd\u00eancia\u201d, afirma Pateo.<\/p>\n<p>O pesquisador observa, contudo, que h\u00e1 desafios. \u201cO trabalhador por conta pr\u00f3pria n\u00e3o possui direito \u00e0 expectativa de continuidade da renda, e o acesso aos benef\u00edcios da seguridade social depende diretamente de sua contribui\u00e7\u00e3o. Se ela for parcial ou reduzida, isso impactar\u00e1 diretamente no valor da aposentadoria\u201d, explica.<\/p>\n<p>Nesse contexto, especialistas apontam que a informalidade n\u00e3o deve ser vista apenas como um problema, mas como um sinal de que h\u00e1 uma reconfigura\u00e7\u00e3o das rela\u00e7\u00f5es de trabalho em curso \u2014 o que exige atualiza\u00e7\u00e3o da legisla\u00e7\u00e3o e amplia\u00e7\u00e3o do acesso \u00e0 prote\u00e7\u00e3o social.<\/p>\n<p>Segundo a procuradora titular da Conalis do MPT, o trabalho informal \u00e9 juridicamente caracterizado pela aus\u00eancia de v\u00ednculo formal e, consequentemente, pela falta de acesso aos direitos garantidos na CLT. Entre eles est\u00e3o o registro em carteira, a contribui\u00e7\u00e3o ao INSS, o Fundo de Garantia do Tempo de Servi\u00e7o (FGTS), f\u00e9rias remuneradas, 13\u00ba sal\u00e1rio e prote\u00e7\u00e3o contra demiss\u00e3o arbitr\u00e1ria.<\/p>\n<p>\u201cN\u00e3o se trata apenas de uma quest\u00e3o documental\u201d, observa Vivian. \u201cA informalidade representa uma forma estrutural de inser\u00e7\u00e3o prec\u00e1ria e desprotegida no mundo do trabalho, marcada pela inseguran\u00e7a de renda, falta de organiza\u00e7\u00e3o coletiva, dificuldade de acesso a direitos fundamentais e aus\u00eancia de mecanismos de prote\u00e7\u00e3o social\u201d.<\/p>\n<p>Aut\u00f4nomo ou Pejotiza\u00e7\u00e3o<br \/>\nOcorre quando um empregador contrata uma pessoa atrav\u00e9s de um CNPJ, sem v\u00ednculo empregat\u00edcio com o contratado. Segundo a procuradora do Trabalho, Priscila Dibi Schvarcz, a presta\u00e7\u00e3o de servi\u00e7os por meio de pessoas jur\u00eddicas, no Brasil, exige, conforme previsto na Lei 6.019\/74, que haja transfer\u00eancia do servi\u00e7o do tomador para a pessoa jur\u00eddica contratada, com autonomia \u00e0 pessoa jur\u00eddica contratada no que diz respeito \u00e0 auto-organiza\u00e7\u00e3o e gest\u00e3o da atividade transferida, inclusive quanto aos m\u00e9todos de trabalho. Al\u00e9m disso, o contratado precisa ter capacidade econ\u00f4mica compat\u00edvel com a execu\u00e7\u00e3o do servi\u00e7o.<\/p>\n<p>No \u00faltimo dia 14, o ministro Gilmar Mendes, do Supremo Tribunal Federal (STF), decidiu suspender a tramita\u00e7\u00e3o de todos os processos na Justi\u00e7a brasileira que discutam a legalidade da chamada \u201cpejotiza\u00e7\u00e3o\u201d, em que empresas contratam prestadores de servi\u00e7os como pessoa jur\u00eddica, o que gerou cr\u00edticas da CUT e das demais centrais sindicais.<\/p>\n<p>MEI<\/p>\n<p>O Microempreendedor Individual (MEI) tem se consolidado como uma alternativa de formaliza\u00e7\u00e3o para trabalhadores aut\u00f4nomos. Segundo a vice-coordenadora nacional da Coordenadoria de Combate \u00e0s Fraudes nas Rela\u00e7\u00f5es de Trabalho (Conafret), Priscila Dibi Schvarcz, o MEI garante autonomia ao profissional e promove sua inclus\u00e3o previdenci\u00e1ria.<\/p>\n<p>\u201cO objetivo da cria\u00e7\u00e3o do MEI foi retirar os trabalhadores da informalidade e facilitar o acesso \u00e0 prote\u00e7\u00e3o social. \u00c9 uma forma de reconhecer juridicamente a atividade de pequenos empreendedores que estavam \u00e0 margem do sistema\u201d, explica Priscila.<\/p>\n<p>Para aderir ao modelo, o trabalhador precisa ter receita bruta anual de at\u00e9 R$ 81 mil e exercer atividades previstas pelo Simples Nacional. A contribui\u00e7\u00e3o previdenci\u00e1ria \u00e9 de 5% sobre o sal\u00e1rio m\u00ednimo \u2014 R$ 75,90 atualmente \u2014 paga por meio do Documento de Arrecada\u00e7\u00e3o do Simples (DAS). Ainda que os benef\u00edcios sejam limitados, h\u00e1 a possibilidade de ampliar a cobertura com recolhimentos complementares. O processo de formaliza\u00e7\u00e3o de um CNPJ \u00e9 gratuito e pode ser feito na conta.gov.br<\/p>\n<p>Em 2022, o Brasil contava com 14,6 milh\u00f5es de MEIs, de acordo com o IBGE, n\u00famero que representa aproximadamente 70% do total de empresas do pa\u00eds e 18,8% dos trabalhadores com ocupa\u00e7\u00f5es formalizadas.<\/p>\n<p><em>(Fonte: CUT Nacional, com informa\u00e7\u00f5es da Ag\u00eancia Brasil)<\/em><\/p>\n","protected":false},"excerpt":{"rendered":"<p>Embora o regime CLT ofere\u00e7a mais direitos, os trabalhos informais, aut\u00f4nomos e por meio de MEIs v\u00eam ganhando espa\u00e7o A CLT significa Consolida\u00e7\u00e3o das Leis do Trabalho. Ela assegura aos trabalhadores brasileiros diversos benef\u00edcios com j\u00e1 foi falado acima O regime de trabalho orientado por essa norma \u00e9 popularmente conhecido como \u201ctrabalho registrado\u201d ou \u201ctrabalho [&hellip;]<\/p>\n","protected":false},"author":4,"featured_media":2535,"comment_status":"closed","ping_status":"closed","sticky":false,"template":"","format":"standard","meta":{"footnotes":""},"categories":[1],"tags":[],"class_list":{"0":"post-2534","1":"post","2":"type-post","3":"status-publish","4":"format-standard","5":"has-post-thumbnail","7":"category-noticias"},"_links":{"self":[{"href":"https:\/\/sindticccba.org.br\/index.php\/wp-json\/wp\/v2\/posts\/2534","targetHints":{"allow":["GET"]}}],"collection":[{"href":"https:\/\/sindticccba.org.br\/index.php\/wp-json\/wp\/v2\/posts"}],"about":[{"href":"https:\/\/sindticccba.org.br\/index.php\/wp-json\/wp\/v2\/types\/post"}],"author":[{"embeddable":true,"href":"https:\/\/sindticccba.org.br\/index.php\/wp-json\/wp\/v2\/users\/4"}],"replies":[{"embeddable":true,"href":"https:\/\/sindticccba.org.br\/index.php\/wp-json\/wp\/v2\/comments?post=2534"}],"version-history":[{"count":1,"href":"https:\/\/sindticccba.org.br\/index.php\/wp-json\/wp\/v2\/posts\/2534\/revisions"}],"predecessor-version":[{"id":2536,"href":"https:\/\/sindticccba.org.br\/index.php\/wp-json\/wp\/v2\/posts\/2534\/revisions\/2536"}],"wp:featuredmedia":[{"embeddable":true,"href":"https:\/\/sindticccba.org.br\/index.php\/wp-json\/wp\/v2\/media\/2535"}],"wp:attachment":[{"href":"https:\/\/sindticccba.org.br\/index.php\/wp-json\/wp\/v2\/media?parent=2534"}],"wp:term":[{"taxonomy":"category","embeddable":true,"href":"https:\/\/sindticccba.org.br\/index.php\/wp-json\/wp\/v2\/categories?post=2534"},{"taxonomy":"post_tag","embeddable":true,"href":"https:\/\/sindticccba.org.br\/index.php\/wp-json\/wp\/v2\/tags?post=2534"}],"curies":[{"name":"wp","href":"https:\/\/api.w.org\/{rel}","templated":true}]}}