{"id":2529,"date":"2025-04-17T15:49:54","date_gmt":"2025-04-17T18:49:54","guid":{"rendered":"https:\/\/sindticccba.org.br\/?p=2529"},"modified":"2025-04-17T15:49:54","modified_gmt":"2025-04-17T18:49:54","slug":"assembleia-com-paralisacao-na-braskem","status":"publish","type":"post","link":"https:\/\/sindticccba.org.br\/index.php\/2025\/04\/17\/assembleia-com-paralisacao-na-braskem\/","title":{"rendered":"ASSEMBLEIA COM PARALISA\u00c7\u00c3O NA BRASKEM"},"content":{"rendered":"<p>Hoje pela manh\u00e3 teve assembleia com os trabalhadores da \u00e1rea da Braskem, no PV 13 do Polo Industrial de Cama\u00e7ari, dentro da campanha salarial da montagem e manuten\u00e7\u00e3o industrial. A categoria decidiu paralisar as atividades em protesto contra algumas condi\u00e7\u00f5es atuais na empresa, como o valor da cesta b\u00e1sica. O Sindticcc mobilizou a base e deu o recado sobre a nossa jornada de lutas, chamando a galera pra fortalecer a campanha e garantir um acordo vitorioso. Tamo junto, s\u00f3 conquista quem luta!<\/p>\n<p><a href=\"https:\/\/sindticccba.org.br\/wp-content\/uploads\/2025\/04\/44502240-5709-42ae-86ba-461ab631ac97-scaled.jpg\"><img loading=\"lazy\" decoding=\"async\" src=\"https:\/\/sindticccba.org.br\/wp-content\/uploads\/2025\/04\/44502240-5709-42ae-86ba-461ab631ac97-768x1024.jpg\" alt=\"\" width=\"696\" height=\"928\" class=\"alignnone size-large wp-image-2531\" srcset=\"https:\/\/sindticccba.org.br\/wp-content\/uploads\/2025\/04\/44502240-5709-42ae-86ba-461ab631ac97-768x1024.jpg 768w, https:\/\/sindticccba.org.br\/wp-content\/uploads\/2025\/04\/44502240-5709-42ae-86ba-461ab631ac97-225x300.jpg 225w, https:\/\/sindticccba.org.br\/wp-content\/uploads\/2025\/04\/44502240-5709-42ae-86ba-461ab631ac97-1152x1536.jpg 1152w, https:\/\/sindticccba.org.br\/wp-content\/uploads\/2025\/04\/44502240-5709-42ae-86ba-461ab631ac97-1536x2048.jpg 1536w, https:\/\/sindticccba.org.br\/wp-content\/uploads\/2025\/04\/44502240-5709-42ae-86ba-461ab631ac97-696x928.jpg 696w, https:\/\/sindticccba.org.br\/wp-content\/uploads\/2025\/04\/44502240-5709-42ae-86ba-461ab631ac97-1068x1424.jpg 1068w, https:\/\/sindticccba.org.br\/wp-content\/uploads\/2025\/04\/44502240-5709-42ae-86ba-461ab631ac97-scaled.jpg 1920w\" sizes=\"auto, (max-width: 696px) 100vw, 696px\" \/><\/a><br \/>\n<a href=\"https:\/\/sindticccba.org.br\/wp-content\/uploads\/2025\/04\/80665844-809e-4c07-a86d-4fd190369563-scaled.jpg\"><img loading=\"lazy\" decoding=\"async\" src=\"https:\/\/sindticccba.org.br\/wp-content\/uploads\/2025\/04\/80665844-809e-4c07-a86d-4fd190369563-768x1024.jpg\" alt=\"\" width=\"696\" height=\"928\" class=\"alignnone size-large wp-image-2532\" srcset=\"https:\/\/sindticccba.org.br\/wp-content\/uploads\/2025\/04\/80665844-809e-4c07-a86d-4fd190369563-768x1024.jpg 768w, https:\/\/sindticccba.org.br\/wp-content\/uploads\/2025\/04\/80665844-809e-4c07-a86d-4fd190369563-225x300.jpg 225w, https:\/\/sindticccba.org.br\/wp-content\/uploads\/2025\/04\/80665844-809e-4c07-a86d-4fd190369563-1152x1536.jpg 1152w, https:\/\/sindticccba.org.br\/wp-content\/uploads\/2025\/04\/80665844-809e-4c07-a86d-4fd190369563-1536x2048.jpg 1536w, https:\/\/sindticccba.org.br\/wp-content\/uploads\/2025\/04\/80665844-809e-4c07-a86d-4fd190369563-696x928.jpg 696w, https:\/\/sindticccba.org.br\/wp-content\/uploads\/2025\/04\/80665844-809e-4c07-a86d-4fd190369563-1068x1424.jpg 1068w, https:\/\/sindticccba.org.br\/wp-content\/uploads\/2025\/04\/80665844-809e-4c07-a86d-4fd190369563-scaled.jpg 1920w\" sizes=\"auto, (max-width: 696px) 100vw, 696px\" \/><\/a><\/p>\n","protected":false},"excerpt":{"rendered":"<p>Hoje pela manh\u00e3 teve assembleia com os trabalhadores da \u00e1rea da Braskem, no PV 13 do Polo Industrial de Cama\u00e7ari, dentro da campanha salarial da montagem e manuten\u00e7\u00e3o industrial. A categoria decidiu paralisar as atividades em protesto contra algumas condi\u00e7\u00f5es atuais na empresa, como o valor da cesta b\u00e1sica. O Sindticcc mobilizou a base e [&hellip;]<\/p>\n","protected":false},"author":4,"featured_media":2531,"comment_status":"closed","ping_status":"closed","sticky":false,"template":"","format":"standard","meta":{"footnotes":""},"categories":[1],"tags":[],"class_list":{"0":"post-2529","1":"post","2":"type-post","3":"status-publish","4":"format-standard","5":"has-post-thumbnail","7":"category-noticias"},"_links":{"self":[{"href":"https:\/\/sindticccba.org.br\/index.php\/wp-json\/wp\/v2\/posts\/2529","targetHints":{"allow":["GET"]}}],"collection":[{"href":"https:\/\/sindticccba.org.br\/index.php\/wp-json\/wp\/v2\/posts"}],"about":[{"href":"https:\/\/sindticccba.org.br\/index.php\/wp-json\/wp\/v2\/types\/post"}],"author":[{"embeddable":true,"href":"https:\/\/sindticccba.org.br\/index.php\/wp-json\/wp\/v2\/users\/4"}],"replies":[{"embeddable":true,"href":"https:\/\/sindticccba.org.br\/index.php\/wp-json\/wp\/v2\/comments?post=2529"}],"version-history":[{"count":1,"href":"https:\/\/sindticccba.org.br\/index.php\/wp-json\/wp\/v2\/posts\/2529\/revisions"}],"predecessor-version":[{"id":2533,"href":"https:\/\/sindticccba.org.br\/index.php\/wp-json\/wp\/v2\/posts\/2529\/revisions\/2533"}],"wp:featuredmedia":[{"embeddable":true,"href":"https:\/\/sindticccba.org.br\/index.php\/wp-json\/wp\/v2\/media\/2531"}],"wp:attachment":[{"href":"https:\/\/sindticccba.org.br\/index.php\/wp-json\/wp\/v2\/media?parent=2529"}],"wp:term":[{"taxonomy":"category","embeddable":true,"href":"https:\/\/sindticccba.org.br\/index.php\/wp-json\/wp\/v2\/categories?post=2529"},{"taxonomy":"post_tag","embeddable":true,"href":"https:\/\/sindticccba.org.br\/index.php\/wp-json\/wp\/v2\/tags?post=2529"}],"curies":[{"name":"wp","href":"https:\/\/api.w.org\/{rel}","templated":true}]}}