{"id":2516,"date":"2025-04-08T11:01:28","date_gmt":"2025-04-08T14:01:28","guid":{"rendered":"https:\/\/sindticccba.org.br\/?p=2516"},"modified":"2025-04-08T11:03:49","modified_gmt":"2025-04-08T14:03:49","slug":"programa-vai-oferecer-25-mil-vagas-gratuitas-de-qualificacao-profissional","status":"publish","type":"post","link":"https:\/\/sindticccba.org.br\/index.php\/2025\/04\/08\/programa-vai-oferecer-25-mil-vagas-gratuitas-de-qualificacao-profissional\/","title":{"rendered":"Programa vai oferecer 25 mil vagas gratuitas de qualifica\u00e7\u00e3o profissional"},"content":{"rendered":"<figure id=\"attachment_2517\" aria-describedby=\"caption-attachment-2517\" style=\"width: 300px\" class=\"wp-caption alignleft\"><img loading=\"lazy\" decoding=\"async\" class=\"size-medium wp-image-2517\" src=\"https:\/\/sindticccba.org.br\/wp-content\/uploads\/2025\/04\/ministerio-300x209.webp\" alt=\"\" width=\"300\" height=\"209\" srcset=\"https:\/\/sindticccba.org.br\/wp-content\/uploads\/2025\/04\/ministerio-300x209.webp 300w, https:\/\/sindticccba.org.br\/wp-content\/uploads\/2025\/04\/ministerio.webp 600w\" sizes=\"auto, (max-width: 300px) 100vw, 300px\" \/><figcaption id=\"caption-attachment-2517\" class=\"wp-caption-text\">Foto:Divulga\u00e7\u00e3o\/Cursos ser\u00e3o destinados a pessoas entre 18 e 29 anos que n\u00e3o conclu\u00edram a educa\u00e7\u00e3o b\u00e1sica<\/figcaption><\/figure>\n<p style=\"text-align: justify;\">Pessoas entre 18 e 29 anos que n\u00e3o conclu\u00edram a educa\u00e7\u00e3o b\u00e1sica ter\u00e3o a oportunidade de fazer uma qualifica\u00e7\u00e3o profissional gratuita. O Minist\u00e9rio do Trabalho e Emprego (MTE) e o Servi\u00e7o Social da Ind\u00fastria (SESI), por meio de seu Conselho Nacional e do Departamento Nacional, v\u00e3o lan\u00e7ar na pr\u00f3xima quinta-feira (10), em Salvador, o Programa Nacional SEJA PRO+ Trabalho e Emprego. Com investimento inicial de R$ 200 milh\u00f5es, o programa oferecer\u00e1 25 mil vagas gratuitas na modalidade de Educa\u00e7\u00e3o de Jovens e Adultos (EJA) para pessoas entre 18 e 29 anos que n\u00e3o conclu\u00edram a educa\u00e7\u00e3o b\u00e1sica, promovendo a qualifica\u00e7\u00e3o profissional e ampliando oportunidades de inser\u00e7\u00e3o no mercado de trabalho.<\/p>\n<p style=\"text-align: justify;\">Nesta primeira etapa, a Bahia contar\u00e1 com 3 mil vagas. O SEJA PRO + busca criar condi\u00e7\u00f5es mais favor\u00e1veis para que esses jovens possam se qualificar, retornar os estudos e, assim, ampliar suas possibilidades de acesso ao trabalho e \u00e0 renda. &#8220;Estaremos presentes nesse importante momento em Salvador, junto a parceiros estrat\u00e9gicos, para reafirmar o compromisso do SESI com a forma\u00e7\u00e3o e o futuro da juventude brasileira&#8221;, diz o presidente do Conselho Nacional do Sesi, Fausto Augusto Junior.<\/p>\n<p style=\"text-align: justify;\">Mais detalhes sobre como ser\u00e1 o acesso \u00e0s vagas v\u00e3o ser divulgados durante a cerim\u00f4nia de lan\u00e7amento do programa, que ser\u00e1 realizada na sede da Federa\u00e7\u00e3o das Ind\u00fastrias do Estado da Bahia (Fieb). Participam do evento o ministro do Trabalho e Emprego, Luiz Marinho; o governador da Bahia, Jer\u00f4nimo Rodrigues; o presidente do Conselho Nacional do Sesi, Fausto Augusto Junior; o superintendente de Educa\u00e7\u00e3o do Sesi Nacional, Wisley Pereira, e o presidente da Fieb, Carlos Henrique Passos.<\/p>\n<p><span style=\"font-size: 8px;\">Por Perla Ribeiro<\/span><\/p>\n","protected":false},"excerpt":{"rendered":"<p>Pessoas entre 18 e 29 anos que n\u00e3o conclu\u00edram a educa\u00e7\u00e3o b\u00e1sica ter\u00e3o a oportunidade de fazer uma qualifica\u00e7\u00e3o profissional gratuita. O Minist\u00e9rio do Trabalho e Emprego (MTE) e o Servi\u00e7o Social da Ind\u00fastria (SESI), por meio de seu Conselho Nacional e do Departamento Nacional, v\u00e3o lan\u00e7ar na pr\u00f3xima quinta-feira (10), em Salvador, o Programa [&hellip;]<\/p>\n","protected":false},"author":2,"featured_media":2517,"comment_status":"closed","ping_status":"closed","sticky":false,"template":"","format":"standard","meta":{"footnotes":""},"categories":[1],"tags":[],"class_list":{"0":"post-2516","1":"post","2":"type-post","3":"status-publish","4":"format-standard","5":"has-post-thumbnail","7":"category-noticias"},"_links":{"self":[{"href":"https:\/\/sindticccba.org.br\/index.php\/wp-json\/wp\/v2\/posts\/2516","targetHints":{"allow":["GET"]}}],"collection":[{"href":"https:\/\/sindticccba.org.br\/index.php\/wp-json\/wp\/v2\/posts"}],"about":[{"href":"https:\/\/sindticccba.org.br\/index.php\/wp-json\/wp\/v2\/types\/post"}],"author":[{"embeddable":true,"href":"https:\/\/sindticccba.org.br\/index.php\/wp-json\/wp\/v2\/users\/2"}],"replies":[{"embeddable":true,"href":"https:\/\/sindticccba.org.br\/index.php\/wp-json\/wp\/v2\/comments?post=2516"}],"version-history":[{"count":2,"href":"https:\/\/sindticccba.org.br\/index.php\/wp-json\/wp\/v2\/posts\/2516\/revisions"}],"predecessor-version":[{"id":2519,"href":"https:\/\/sindticccba.org.br\/index.php\/wp-json\/wp\/v2\/posts\/2516\/revisions\/2519"}],"wp:featuredmedia":[{"embeddable":true,"href":"https:\/\/sindticccba.org.br\/index.php\/wp-json\/wp\/v2\/media\/2517"}],"wp:attachment":[{"href":"https:\/\/sindticccba.org.br\/index.php\/wp-json\/wp\/v2\/media?parent=2516"}],"wp:term":[{"taxonomy":"category","embeddable":true,"href":"https:\/\/sindticccba.org.br\/index.php\/wp-json\/wp\/v2\/categories?post=2516"},{"taxonomy":"post_tag","embeddable":true,"href":"https:\/\/sindticccba.org.br\/index.php\/wp-json\/wp\/v2\/tags?post=2516"}],"curies":[{"name":"wp","href":"https:\/\/api.w.org\/{rel}","templated":true}]}}