{"id":2507,"date":"2025-04-07T13:07:07","date_gmt":"2025-04-07T16:07:07","guid":{"rendered":"https:\/\/sindticccba.org.br\/?p=2507"},"modified":"2025-04-07T13:11:26","modified_gmt":"2025-04-07T16:11:26","slug":"trabalhadores-da-construcao-sao-resgatados-em-lauro-de-freitas","status":"publish","type":"post","link":"https:\/\/sindticccba.org.br\/index.php\/2025\/04\/07\/trabalhadores-da-construcao-sao-resgatados-em-lauro-de-freitas\/","title":{"rendered":"Trabalhadores da constru\u00e7\u00e3o s\u00e3o resgatados em Lauro de Freitas"},"content":{"rendered":"<p>Homens estavam em alojamento prec\u00e1rio sem \u00e1gua pot\u00e1vel e banheiros adequados<\/p>\n<p><a href=\"https:\/\/sindticccba.org.br\/wp-content\/uploads\/2025\/04\/Denuncia-1.jpg\"><img loading=\"lazy\" decoding=\"async\" class=\"alignnone size-full wp-image-2508\" src=\"https:\/\/sindticccba.org.br\/wp-content\/uploads\/2025\/04\/Denuncia-1.jpg\" alt=\"\" width=\"600\" height=\"337\" srcset=\"https:\/\/sindticccba.org.br\/wp-content\/uploads\/2025\/04\/Denuncia-1.jpg 600w, https:\/\/sindticccba.org.br\/wp-content\/uploads\/2025\/04\/Denuncia-1-300x169.jpg 300w\" sizes=\"auto, (max-width: 600px) 100vw, 600px\" \/><\/a><br \/>\n<a href=\"https:\/\/sindticccba.org.br\/wp-content\/uploads\/2025\/04\/Denuncia-2.jpg\"><img loading=\"lazy\" decoding=\"async\" class=\"alignnone  wp-image-2509\" src=\"https:\/\/sindticccba.org.br\/wp-content\/uploads\/2025\/04\/Denuncia-2.jpg\" alt=\"\" width=\"597\" height=\"448\" srcset=\"https:\/\/sindticccba.org.br\/wp-content\/uploads\/2025\/04\/Denuncia-2.jpg 960w, https:\/\/sindticccba.org.br\/wp-content\/uploads\/2025\/04\/Denuncia-2-300x225.jpg 300w, https:\/\/sindticccba.org.br\/wp-content\/uploads\/2025\/04\/Denuncia-2-768x576.jpg 768w, https:\/\/sindticccba.org.br\/wp-content\/uploads\/2025\/04\/Denuncia-2-696x522.jpg 696w, https:\/\/sindticccba.org.br\/wp-content\/uploads\/2025\/04\/Denuncia-2-265x198.jpg 265w\" sizes=\"auto, (max-width: 597px) 100vw, 597px\" \/><\/a><\/p>\n<p>Quatro trabalhadores foram resgatados em situa\u00e7\u00e3o de trabalho an\u00e1logo \u00e0 escravid\u00e3o em uma constru\u00e7\u00e3o civil no munic\u00edpio de Lauro de Freitas, na regi\u00e3o metropolitana de Salvador entre os dias 1\u00ba e 2 de abril.<\/p>\n<p>De acordo com o Minist\u00e9rio P\u00fablico do Trabalho na Bahia (MPT-BA), os homens trabalhavam na constru\u00e7\u00e3o de casas em um loteamento, localizado na Rua Ministro Ant\u00f4nio Carlos Magalh\u00e3es, no bairro de Buraquinho, e estavam alojados em condi\u00e7\u00f5es prec\u00e1rias.<\/p>\n<p>No local, o MPT-BA identificou p\u00e9ssimas condi\u00e7\u00f5es de alojamento onde as v\u00edtimas residiam, al\u00e9m de falta de condi\u00e7\u00f5es de armazenamento dos alimentos consumidos, que n\u00e3o eram fornecidos pelos empregadores, pela aus\u00eancia de instala\u00e7\u00f5es sanit\u00e1rias adequadas.<\/p>\n<p>O espa\u00e7o ainda n\u00e3o fornecia \u00e1gua pot\u00e1vel, e equipamentos de prote\u00e7\u00e3o, mesmo para atividades com elevado risco de acidentes, as condi\u00e7\u00f5es de higiene no local tamb\u00e9m eram prec\u00e1rias.<\/p>\n<p>Os propriet\u00e1rios dos lotes onde o grupo trabalhava foram responsabilizados por submeter os homens a condi\u00e7\u00e3o de trabalho an\u00e1logo \u00e0 escravid\u00e3o e tiveram que arcar com as verbas rescis\u00f3rias e com uma indeniza\u00e7\u00e3o de R$5 mil para cada um, al\u00e9m de R$30 mil por danos morais coletivos, segundo o MPT-BA.<\/p>\n<p>Conforme ainda ao MPT-BA, o valor deve ser depositado dentro de 30 dias no Fundo de Promo\u00e7\u00e3o do Trabalho Decente (Funtrad). As v\u00edtimas foram retiradas do local e tiveram os custos de seu retorno para casa assegurados pelos empregadores, caso quisessem retornar aos seus locais de origem.<\/p>\n<p>A opera\u00e7\u00e3o de combate ao trabalho escravo que resgatou os trabalhadores, iniciou ap\u00f3s o MPT-BA receber algumas den\u00fancias e visitar diversos alvos em Salvador e Lauro de Freitas identificados ap\u00f3s levantamento.<\/p>\n<p>Participaram da opera\u00e7\u00e3o, o Minist\u00e9rio do Trabalho e Emprego (MTE), Minist\u00e9rio P\u00fablico do Trabalho (MPT), Pol\u00edcia Federal (PF) e a Secretaria da Justi\u00e7a e Direitos Humanos (SJDH) do estado.<\/p>\n<p>Segundo o procurador Claudio Cunha, que participou da opera\u00e7\u00e3o de resgate, \u201co grupo de trabalhadores prestava servi\u00e7o aos propriet\u00e1rios de cinco lotes para a constru\u00e7\u00e3o de casas. Por isso, as cinco pessoas identificadas como donas dos terrenos foram responsabilizadas e tiveram que arcar com as indeniza\u00e7\u00f5es, com o pagamento das verbas rescis\u00f3rias e com o transporte de volta para casa dos resgatados que assim desejassem\u201d, explicou.<\/p>\n<p>O procurador disse ainda que n\u00e3o havia uma pessoa jur\u00eddica constitu\u00edda e que o loteamento estava sendo constru\u00eddo pelo esfor\u00e7o conjunto dos propriet\u00e1rios, que assinaram um termo de ajuste de conduta com o MPT na quinta-feira, 3, se comprometendo a fazer os pagamentos e a seguir \u00e0 risca a legisla\u00e7\u00e3o trabalhista de agora em diante, sob pena de multa de R$5 mil para cada um dos itens previstos no documento.<br \/>\n<em>(Fonte: atarde.com.br, 7\/4\/2025)<\/em><\/p>\n","protected":false},"excerpt":{"rendered":"<p>Homens estavam em alojamento prec\u00e1rio sem \u00e1gua pot\u00e1vel e banheiros adequados Quatro trabalhadores foram resgatados em situa\u00e7\u00e3o de trabalho an\u00e1logo \u00e0 escravid\u00e3o em uma constru\u00e7\u00e3o civil no munic\u00edpio de Lauro de Freitas, na regi\u00e3o metropolitana de Salvador entre os dias 1\u00ba e 2 de abril. De acordo com o Minist\u00e9rio P\u00fablico do Trabalho na Bahia [&hellip;]<\/p>\n","protected":false},"author":4,"featured_media":2508,"comment_status":"closed","ping_status":"closed","sticky":false,"template":"","format":"standard","meta":{"footnotes":""},"categories":[1],"tags":[],"class_list":{"0":"post-2507","1":"post","2":"type-post","3":"status-publish","4":"format-standard","5":"has-post-thumbnail","7":"category-noticias"},"_links":{"self":[{"href":"https:\/\/sindticccba.org.br\/index.php\/wp-json\/wp\/v2\/posts\/2507","targetHints":{"allow":["GET"]}}],"collection":[{"href":"https:\/\/sindticccba.org.br\/index.php\/wp-json\/wp\/v2\/posts"}],"about":[{"href":"https:\/\/sindticccba.org.br\/index.php\/wp-json\/wp\/v2\/types\/post"}],"author":[{"embeddable":true,"href":"https:\/\/sindticccba.org.br\/index.php\/wp-json\/wp\/v2\/users\/4"}],"replies":[{"embeddable":true,"href":"https:\/\/sindticccba.org.br\/index.php\/wp-json\/wp\/v2\/comments?post=2507"}],"version-history":[{"count":3,"href":"https:\/\/sindticccba.org.br\/index.php\/wp-json\/wp\/v2\/posts\/2507\/revisions"}],"predecessor-version":[{"id":2512,"href":"https:\/\/sindticccba.org.br\/index.php\/wp-json\/wp\/v2\/posts\/2507\/revisions\/2512"}],"wp:featuredmedia":[{"embeddable":true,"href":"https:\/\/sindticccba.org.br\/index.php\/wp-json\/wp\/v2\/media\/2508"}],"wp:attachment":[{"href":"https:\/\/sindticccba.org.br\/index.php\/wp-json\/wp\/v2\/media?parent=2507"}],"wp:term":[{"taxonomy":"category","embeddable":true,"href":"https:\/\/sindticccba.org.br\/index.php\/wp-json\/wp\/v2\/categories?post=2507"},{"taxonomy":"post_tag","embeddable":true,"href":"https:\/\/sindticccba.org.br\/index.php\/wp-json\/wp\/v2\/tags?post=2507"}],"curies":[{"name":"wp","href":"https:\/\/api.w.org\/{rel}","templated":true}]}}