{"id":2504,"date":"2025-04-07T12:45:03","date_gmt":"2025-04-07T15:45:03","guid":{"rendered":"https:\/\/sindticccba.org.br\/?p=2504"},"modified":"2025-04-07T12:45:03","modified_gmt":"2025-04-07T15:45:03","slug":"cut-reforca-defesa-do-sus-no-dia-mundial-da-saude-celebrado-em-7-de-abril","status":"publish","type":"post","link":"https:\/\/sindticccba.org.br\/index.php\/2025\/04\/07\/cut-reforca-defesa-do-sus-no-dia-mundial-da-saude-celebrado-em-7-de-abril\/","title":{"rendered":"CUT refor\u00e7a defesa do SUS no Dia Mundial da Sa\u00fade, celebrado em 7 de abril"},"content":{"rendered":"<p>Data criada pela OMS em 1948, este ano tem como tema a defesa de pessoas gestantes. Para a CUT, data tamb\u00e9m \u00e9 de conscientiza\u00e7\u00e3o defesa do SUS como direito fundamental da classe trabalhadora<\/p>\n<p><a href=\"https:\/\/sindticccba.org.br\/wp-content\/uploads\/2025\/04\/7-de-abril.jpg\"><img loading=\"lazy\" decoding=\"async\" src=\"https:\/\/sindticccba.org.br\/wp-content\/uploads\/2025\/04\/7-de-abril.jpg\" alt=\"\" width=\"700\" height=\"460\" class=\"alignnone size-full wp-image-2505\" srcset=\"https:\/\/sindticccba.org.br\/wp-content\/uploads\/2025\/04\/7-de-abril.jpg 700w, https:\/\/sindticccba.org.br\/wp-content\/uploads\/2025\/04\/7-de-abril-300x197.jpg 300w, https:\/\/sindticccba.org.br\/wp-content\/uploads\/2025\/04\/7-de-abril-696x457.jpg 696w\" sizes=\"auto, (max-width: 700px) 100vw, 700px\" \/><\/a><\/p>\n<p>Andr\u00e9 Accarini<\/p>\n<p>Criado pela Organiza\u00e7\u00e3o Mundial da Sa\u00fade (OMS) e celebrado todos no anos em 7 de abril, o Dia Mundial da Sa\u00fade \u00e9 uma data para que o tema \u201csa\u00fade\u201d tenha maior visibilidade, levando \u00e0 conscientiza\u00e7\u00e3o da popula\u00e7\u00e3o sobre os diversos aspectos dos cuidados com a vida. Essa conscientiza\u00e7\u00e3o, na pr\u00e1tica, tem que resultar em pol\u00edticas p\u00fablicas voltados ao bem estar da popula\u00e7\u00e3o. Ou seja, n\u00e3o \u00e9 uma data apenas para que, individualmente, cada um cuide da pr\u00f3pria sa\u00fade, mas um momento pol\u00edtico para que a\u00e7\u00f5es governamentais se tornem realidade.<\/p>\n<p>E, nesse aspecto, no Brasil, obrigatoriamente, o tema perpassa pela defesa do Sistema \u00danico de Sa\u00fade, o SUS. &#8220;\u00c9 um patrim\u00f4nio do povo brasileiro. Defender o SUS \u00e9 valorizar quem cuida da nossa sa\u00fade\u201d, diz a secret\u00e1ria de Sa\u00fade do Trabalhador e da Trabalhadora da CUT, Josiv\u00e2nia Pereira da Silva.<\/p>\n<p>No \u00e2mbito do mundo do trabalho, o Dia Mundial da Sa\u00fade se relaciona, portanto, com o direito da classe trabalhadora ter acesso \u00e0 sa\u00fade p\u00fablica de qualidade, gratuita e universal, um dos preceitos fundamentais do SUS.<\/p>\n<p>Esse conceito, explica a dirigente, \u201cdiz respeito a ter pol\u00edticas p\u00fablicas que garantam pleno acesso da popula\u00e7\u00e3o ao SUS, o que envolve a aten\u00e7\u00e3o prim\u00e1ria, m\u00e9dia e de alta complexidade em sa\u00fade; servi\u00e7os de urg\u00eancia e emerg\u00eancia; aten\u00e7\u00e3o hospitalar; a\u00e7\u00f5es e servi\u00e7os das vigil\u00e2ncias epidemiol\u00f3gica, de sa\u00fade do trabalhador e da trabalhadora, sanit\u00e1ria e ambiental;  assist\u00eancia farmac\u00eautica, entre outras pol\u00edticas p\u00fablicas do SUS\u201d.<\/p>\n<p>A constru\u00e7\u00e3o do Sistema \u00danico de Sa\u00fade e a implementa\u00e7\u00e3o de suas pol\u00edticas p\u00fablicas que buscam proporcionar o acesso universal \u00e0 sa\u00fade, historicamente, sempre envolveram a participa\u00e7\u00e3o da sociedade nas diversas inst\u00e2ncias do controle social onde a CUT tem expressiva participa\u00e7\u00e3o, como o pr\u00f3prio Conselho Nacional de Sa\u00fade (CNS).<\/p>\n<p>Por isso, lembra a dirigente, para o movimento sindical, em especial a CUT, o Dia Mundial da Sa\u00fade, em 2025, tem um peso especial, j\u00e1 que neste ano ser\u00e1 realizada a 5\u00aa Confer\u00eancia Nacional de Sa\u00fade do Trabalhador e da Trabalhadora (CNSTT).<\/p>\n<p>A 5\u00aa CNSTT, ser\u00e1 realizada em Bras\u00edlia, no m\u00eas de agosto, reunir\u00e1 setores da sociedade como o movimento sindical, pesquisadores (as), militantes, coletivos de sa\u00fade, Centros de Refer\u00eancia em Sa\u00fade do Trabalhador (CERESTs), Conselhos de Sa\u00fade e Comiss\u00f5es Intersetoriais de Sa\u00fade do Trabalhador e da Trabalhadora (CISTT).<\/p>\n<p>O tema principal da confer\u00eancia \u00e9 \u2018Sa\u00fade Como Direito Humano\u2019. Os eixos tem\u00e1ticos da 5\u00aa CNSTT s\u00e3o a Pol\u00edtica Nacional de Sa\u00fade do Trabalhador e da Trabalhadora, as novas Rela\u00e7\u00f5es de Trabalho e Sa\u00fade e a Participa\u00e7\u00e3o Popular e Controle Social.<\/p>\n<p>A CUT j\u00e1 deu in\u00edcio aos preparativos para a participa\u00e7\u00e3o da 5\u00aa CNSTT. \u201c\u00c9 importante estabelecermos que \u00e9 preciso discutir sa\u00fade no trabalho como pol\u00edtica p\u00fablica nacional. O mundo tem passado por diversas transforma\u00e7\u00f5es que impactam na vida do trabalhador e da trabalhadora, em especial, durante suas atividades laborais\u201d, diz a dirigente.<\/p>\n<p>Por isso, ela refor\u00e7a que a participa\u00e7\u00e3o da CUT na 5\u00aa CNSTT dever\u00e1 ser incisiva. \u201c\u00c9 fundamental que a CUT tenha participa\u00e7\u00e3o ativa nas discuss\u00f5es sobre pol\u00edticas p\u00fablicas. Temos a fun\u00e7\u00e3o primordial de defender a classe trabalhadora e entre essas pol\u00edticas p\u00fabicas est\u00e1 a defesa do SUS\u201d, pontua Josiv\u00e2nia.<\/p>\n<p>O tema do Dia Mundial da Sa\u00fade definido pela OMS para 2025<\/p>\n<p>O Dia Mundial da Sa\u00fade foi estabelecido em 1948 ap\u00f3s resolu\u00e7\u00e3o da OMS. A data \u00e9 a mesma da funda\u00e7\u00e3o organiza\u00e7\u00e3o. Foi  comemorada pela primeira vez em 1950. Todos os anos, a OMS elege um tema diferente, mas que impacte de forma geral, toda a popula\u00e7\u00e3o do planeta.<\/p>\n<p>Neste ano, a Organiza\u00e7\u00e3o Mundial da Sa\u00fade (OMS) elegeu o tema Come\u00e7os Saud\u00e1veis, Futuros Esperan\u00e7osos, em refer\u00eancia \u00e0 sa\u00fade das pessoas que gestam, refor\u00e7ando que os direitos reprodutivos s\u00e3o direitos humanos.<\/p>\n<p>Na pr\u00e1tica, o tema busca refor\u00e7ar que todas as pessoas t\u00eam direito a uma assist\u00eancia digna e respeitosa ao longo de toda a vida. Isso inclui apoio e informa\u00e7\u00e3o para decidir se e quando ter filhos, acesso \u00e0 educa\u00e7\u00e3o sexual na inf\u00e2ncia e juventude, acesso ao planejamento reprodutivo e atendimento em casos de viol\u00eancia, aten\u00e7\u00e3o baseada em evid\u00eancias no pr\u00e9-natal, no parto, no puerp\u00e9rio e no aleitamento.<\/p>\n<p>Outros aspectos que se relacionam ao tema est\u00e3o vinculados a direitos conquistados que est\u00e3o sob amea\u00e7a, como licen\u00e7a-maternidade remunerada, acesso a creches, o direito ao colo e ao trabalho digno. Podemos acrescentar ainda o direito \u00e0 moradia, \u00e0 mobilidade urbana e \u00e0 alimenta\u00e7\u00e3o saud\u00e1vel, compondo um conjunto de direitos sociais que contribuem para o bem-estar e a sa\u00fade da popula\u00e7\u00e3o.<br \/>\n<em>(Fonte: CUT, 7\/4\/2025)<\/em><\/p>\n","protected":false},"excerpt":{"rendered":"<p>Data criada pela OMS em 1948, este ano tem como tema a defesa de pessoas gestantes. Para a CUT, data tamb\u00e9m \u00e9 de conscientiza\u00e7\u00e3o defesa do SUS como direito fundamental da classe trabalhadora Andr\u00e9 Accarini Criado pela Organiza\u00e7\u00e3o Mundial da Sa\u00fade (OMS) e celebrado todos no anos em 7 de abril, o Dia Mundial da [&hellip;]<\/p>\n","protected":false},"author":4,"featured_media":2505,"comment_status":"closed","ping_status":"closed","sticky":false,"template":"","format":"standard","meta":{"footnotes":""},"categories":[1],"tags":[],"class_list":{"0":"post-2504","1":"post","2":"type-post","3":"status-publish","4":"format-standard","5":"has-post-thumbnail","7":"category-noticias"},"_links":{"self":[{"href":"https:\/\/sindticccba.org.br\/index.php\/wp-json\/wp\/v2\/posts\/2504","targetHints":{"allow":["GET"]}}],"collection":[{"href":"https:\/\/sindticccba.org.br\/index.php\/wp-json\/wp\/v2\/posts"}],"about":[{"href":"https:\/\/sindticccba.org.br\/index.php\/wp-json\/wp\/v2\/types\/post"}],"author":[{"embeddable":true,"href":"https:\/\/sindticccba.org.br\/index.php\/wp-json\/wp\/v2\/users\/4"}],"replies":[{"embeddable":true,"href":"https:\/\/sindticccba.org.br\/index.php\/wp-json\/wp\/v2\/comments?post=2504"}],"version-history":[{"count":1,"href":"https:\/\/sindticccba.org.br\/index.php\/wp-json\/wp\/v2\/posts\/2504\/revisions"}],"predecessor-version":[{"id":2506,"href":"https:\/\/sindticccba.org.br\/index.php\/wp-json\/wp\/v2\/posts\/2504\/revisions\/2506"}],"wp:featuredmedia":[{"embeddable":true,"href":"https:\/\/sindticccba.org.br\/index.php\/wp-json\/wp\/v2\/media\/2505"}],"wp:attachment":[{"href":"https:\/\/sindticccba.org.br\/index.php\/wp-json\/wp\/v2\/media?parent=2504"}],"wp:term":[{"taxonomy":"category","embeddable":true,"href":"https:\/\/sindticccba.org.br\/index.php\/wp-json\/wp\/v2\/categories?post=2504"},{"taxonomy":"post_tag","embeddable":true,"href":"https:\/\/sindticccba.org.br\/index.php\/wp-json\/wp\/v2\/tags?post=2504"}],"curies":[{"name":"wp","href":"https:\/\/api.w.org\/{rel}","templated":true}]}}