{"id":2498,"date":"2025-04-02T17:04:53","date_gmt":"2025-04-02T20:04:53","guid":{"rendered":"https:\/\/sindticccba.org.br\/?p=2498"},"modified":"2025-04-02T17:04:53","modified_gmt":"2025-04-02T20:04:53","slug":"2-de-abril-dia-mundial-de-conscientizacao-do-autismo","status":"publish","type":"post","link":"https:\/\/sindticccba.org.br\/index.php\/2025\/04\/02\/2-de-abril-dia-mundial-de-conscientizacao-do-autismo\/","title":{"rendered":"2 de abril &#8211; DIA MUNDIAL DE CONSCIENTIZA\u00c7\u00c3O DO AUTISMO"},"content":{"rendered":"<p><a href=\"https:\/\/sindticccba.org.br\/wp-content\/uploads\/2025\/04\/Aut.jpg\"><img loading=\"lazy\" decoding=\"async\" src=\"https:\/\/sindticccba.org.br\/wp-content\/uploads\/2025\/04\/Aut-1024x682.jpg\" alt=\"\" width=\"696\" height=\"464\" class=\"alignnone size-large wp-image-2499\" srcset=\"https:\/\/sindticccba.org.br\/wp-content\/uploads\/2025\/04\/Aut-1024x682.jpg 1024w, https:\/\/sindticccba.org.br\/wp-content\/uploads\/2025\/04\/Aut-300x200.jpg 300w, https:\/\/sindticccba.org.br\/wp-content\/uploads\/2025\/04\/Aut-768x512.jpg 768w, https:\/\/sindticccba.org.br\/wp-content\/uploads\/2025\/04\/Aut-1536x1023.jpg 1536w, https:\/\/sindticccba.org.br\/wp-content\/uploads\/2025\/04\/Aut-696x464.jpg 696w, https:\/\/sindticccba.org.br\/wp-content\/uploads\/2025\/04\/Aut-1068x712.jpg 1068w, https:\/\/sindticccba.org.br\/wp-content\/uploads\/2025\/04\/Aut.jpg 1600w\" sizes=\"auto, (max-width: 696px) 100vw, 696px\" \/><\/a><\/p>\n<p>O Transtorno do Espectro Autista (TEA) \u00e9 uma condi\u00e7\u00e3o do neurodesenvolvimento que afeta a percep\u00e7\u00e3o e a intera\u00e7\u00e3o com o mundo, podendo impactar a comunica\u00e7\u00e3o e os interesses individuais. Hoje, no Dia Mundial de Conscientiza\u00e7\u00e3o do Autismo, \u00e9 refor\u00e7ada a import\u00e2ncia da compreens\u00e3o e da inclus\u00e3o para promover uma sociedade mais acolhedora e acess\u00edvel a essas pessoas e suas fam\u00edlias.<br \/>\nO Dia Mundial da Conscientiza\u00e7\u00e3o do Autismo foi criado pela Organiza\u00e7\u00e3o das Na\u00e7\u00f5es Unidas (ONU), no ano de 2007, com o objetivo de levar informa\u00e7\u00e3o \u00e0 popula\u00e7\u00e3o e combater a discrimina\u00e7\u00e3o e o preconceito contra os indiv\u00edduos que apresentam o Transtorno do Espectro Autista (TEA).<\/p>\n","protected":false},"excerpt":{"rendered":"<p>O Transtorno do Espectro Autista (TEA) \u00e9 uma condi\u00e7\u00e3o do neurodesenvolvimento que afeta a percep\u00e7\u00e3o e a intera\u00e7\u00e3o com o mundo, podendo impactar a comunica\u00e7\u00e3o e os interesses individuais. Hoje, no Dia Mundial de Conscientiza\u00e7\u00e3o do Autismo, \u00e9 refor\u00e7ada a import\u00e2ncia da compreens\u00e3o e da inclus\u00e3o para promover uma sociedade mais acolhedora e acess\u00edvel a [&hellip;]<\/p>\n","protected":false},"author":4,"featured_media":2499,"comment_status":"closed","ping_status":"closed","sticky":false,"template":"","format":"standard","meta":{"footnotes":""},"categories":[1],"tags":[],"class_list":{"0":"post-2498","1":"post","2":"type-post","3":"status-publish","4":"format-standard","5":"has-post-thumbnail","7":"category-noticias"},"_links":{"self":[{"href":"https:\/\/sindticccba.org.br\/index.php\/wp-json\/wp\/v2\/posts\/2498","targetHints":{"allow":["GET"]}}],"collection":[{"href":"https:\/\/sindticccba.org.br\/index.php\/wp-json\/wp\/v2\/posts"}],"about":[{"href":"https:\/\/sindticccba.org.br\/index.php\/wp-json\/wp\/v2\/types\/post"}],"author":[{"embeddable":true,"href":"https:\/\/sindticccba.org.br\/index.php\/wp-json\/wp\/v2\/users\/4"}],"replies":[{"embeddable":true,"href":"https:\/\/sindticccba.org.br\/index.php\/wp-json\/wp\/v2\/comments?post=2498"}],"version-history":[{"count":1,"href":"https:\/\/sindticccba.org.br\/index.php\/wp-json\/wp\/v2\/posts\/2498\/revisions"}],"predecessor-version":[{"id":2500,"href":"https:\/\/sindticccba.org.br\/index.php\/wp-json\/wp\/v2\/posts\/2498\/revisions\/2500"}],"wp:featuredmedia":[{"embeddable":true,"href":"https:\/\/sindticccba.org.br\/index.php\/wp-json\/wp\/v2\/media\/2499"}],"wp:attachment":[{"href":"https:\/\/sindticccba.org.br\/index.php\/wp-json\/wp\/v2\/media?parent=2498"}],"wp:term":[{"taxonomy":"category","embeddable":true,"href":"https:\/\/sindticccba.org.br\/index.php\/wp-json\/wp\/v2\/categories?post=2498"},{"taxonomy":"post_tag","embeddable":true,"href":"https:\/\/sindticccba.org.br\/index.php\/wp-json\/wp\/v2\/tags?post=2498"}],"curies":[{"name":"wp","href":"https:\/\/api.w.org\/{rel}","templated":true}]}}