{"id":2490,"date":"2025-04-01T15:20:51","date_gmt":"2025-04-01T18:20:51","guid":{"rendered":"https:\/\/sindticccba.org.br\/?p=2490"},"modified":"2025-04-01T15:20:51","modified_gmt":"2025-04-01T18:20:51","slug":"polo-industrial-de-camacari-recebe-investimento-milionario-e-passa-por-requalificacao","status":"publish","type":"post","link":"https:\/\/sindticccba.org.br\/index.php\/2025\/04\/01\/polo-industrial-de-camacari-recebe-investimento-milionario-e-passa-por-requalificacao\/","title":{"rendered":"POLO INDUSTRIAL DE CAMA\u00c7ARI RECEBE INVESTIMENTO MILION\u00c1RIO E PASSA POR REQUALIFICA\u00c7\u00c3O"},"content":{"rendered":"<p><a href=\"https:\/\/sindticccba.org.br\/wp-content\/uploads\/2025\/04\/Polo.jpg\"><img loading=\"lazy\" decoding=\"async\" class=\"alignnone size-full wp-image-2495\" src=\"https:\/\/sindticccba.org.br\/wp-content\/uploads\/2025\/04\/Polo.jpg\" alt=\"\" width=\"723\" height=\"482\" srcset=\"https:\/\/sindticccba.org.br\/wp-content\/uploads\/2025\/04\/Polo.jpg 723w, https:\/\/sindticccba.org.br\/wp-content\/uploads\/2025\/04\/Polo-300x200.jpg 300w, https:\/\/sindticccba.org.br\/wp-content\/uploads\/2025\/04\/Polo-696x464.jpg 696w\" sizes=\"auto, (max-width: 723px) 100vw, 723px\" \/><\/a><\/p>\n<p>O Polo Industrial de Cama\u00e7ari, na Regi\u00e3o Metropolitana de Salvador (RMS) receber\u00e1 r$ 10 milh\u00f5es em investimentos para requalifica\u00e7\u00e3o. O governo da Bahia, atrav\u00e9s da Secretaria de Desenvolvimento Econ\u00f4mico (SDE), abriu um cr\u00e9dito suplementar de R$ 78,4 milh\u00f5es entre os recursos, est\u00e3o inclusos a destina\u00e7\u00e3o do valor de R$ 10 milh\u00f5es para o p\u00f3lo.<\/p>\n<p>Em entrevista ao Portal A TARDE, a SDE declarou que a reestrutura\u00e7\u00e3o ter\u00e1 um investimento total de R$ 23 milh\u00f5es. As obras abrangem requalifica\u00e7\u00e3o total das vias, com recapeamento e pavimenta\u00e7\u00e3o, ilumina\u00e7\u00e3o e outras interven\u00e7\u00f5es. Com extens\u00e3o de mais de 40 quil\u00f4metros, o servi\u00e7o vai abranger os 19 trechos: Via dos Pol\u00edmeros, Via Muricy, Via Mangue Seco, Via Beta, Via Eteno, Via Benzeno, Via Am\u00f4nia, Via Jo\u00e3o \u00darsulo, Via dos Motoristas, Via das Transportadoras, Via dos Transportes, Avenida Henry Ford, Via Nafta, Via Gama, Via Oxig\u00eanio, Via do Cobre, Via de Liga\u00e7\u00e3o, Rua dos Pigmentos e Rua dos Pl\u00e1sticos.<\/p>\n<p>Ainda conforme detalhou a pasta ao Portal, est\u00e1 prevista tamb\u00e9m a adequa\u00e7\u00e3o da guarita do Porto de Aratu, para otimizar o transporte de p\u00e1s e\u00f3licas de 90 metros. O projeto j\u00e1 foi elaborado conforme a restaura\u00e7\u00e3o das vias e est\u00e1 em fase de aprova\u00e7\u00e3o. Al\u00e9m disso, dentro do Porto, algumas a\u00e7\u00f5es est\u00e3o em andamento com servi\u00e7os de reloca\u00e7\u00e3o de placas de sinaliza\u00e7\u00e3o, reloca\u00e7\u00e3o de postes, remo\u00e7\u00e3o de vegeta\u00e7\u00e3o e compacta\u00e7\u00e3o de \u00e1reas a pavimentar.<\/p>\n<p>Outros projetos<\/p>\n<p>O governo anunciou no ano passado que outros centros industriais tamb\u00e9m ser\u00e3o reformados, como os de Lu\u00eds Eduardo Magalh\u00e3es e Barreiras, Centro Industrial de Aratu (CIA), al\u00e9m de distritos industriais em Jequi\u00e9, obras que inclusive j\u00e1 est\u00e3o em andamento, e Feira de Santana. V\u00e3o ser investidos no total quase R$ 100 milh\u00f5es.<br \/>\n<span style=\"font-size: 12px;\"><em>(Fonte: Bahia Econ\u00f4mica. Jo\u00e3o Paulo, 01\/04\/2025. Foto: Carlos Casaes)<\/em><\/span><\/p>\n","protected":false},"excerpt":{"rendered":"<p>O Polo Industrial de Cama\u00e7ari, na Regi\u00e3o Metropolitana de Salvador (RMS) receber\u00e1 r$ 10 milh\u00f5es em investimentos para requalifica\u00e7\u00e3o. O governo da Bahia, atrav\u00e9s da Secretaria de Desenvolvimento Econ\u00f4mico (SDE), abriu um cr\u00e9dito suplementar de R$ 78,4 milh\u00f5es entre os recursos, est\u00e3o inclusos a destina\u00e7\u00e3o do valor de R$ 10 milh\u00f5es para o p\u00f3lo. Em [&hellip;]<\/p>\n","protected":false},"author":4,"featured_media":2495,"comment_status":"closed","ping_status":"closed","sticky":false,"template":"","format":"standard","meta":{"footnotes":""},"categories":[1],"tags":[],"class_list":{"0":"post-2490","1":"post","2":"type-post","3":"status-publish","4":"format-standard","5":"has-post-thumbnail","7":"category-noticias"},"_links":{"self":[{"href":"https:\/\/sindticccba.org.br\/index.php\/wp-json\/wp\/v2\/posts\/2490","targetHints":{"allow":["GET"]}}],"collection":[{"href":"https:\/\/sindticccba.org.br\/index.php\/wp-json\/wp\/v2\/posts"}],"about":[{"href":"https:\/\/sindticccba.org.br\/index.php\/wp-json\/wp\/v2\/types\/post"}],"author":[{"embeddable":true,"href":"https:\/\/sindticccba.org.br\/index.php\/wp-json\/wp\/v2\/users\/4"}],"replies":[{"embeddable":true,"href":"https:\/\/sindticccba.org.br\/index.php\/wp-json\/wp\/v2\/comments?post=2490"}],"version-history":[{"count":1,"href":"https:\/\/sindticccba.org.br\/index.php\/wp-json\/wp\/v2\/posts\/2490\/revisions"}],"predecessor-version":[{"id":2496,"href":"https:\/\/sindticccba.org.br\/index.php\/wp-json\/wp\/v2\/posts\/2490\/revisions\/2496"}],"wp:featuredmedia":[{"embeddable":true,"href":"https:\/\/sindticccba.org.br\/index.php\/wp-json\/wp\/v2\/media\/2495"}],"wp:attachment":[{"href":"https:\/\/sindticccba.org.br\/index.php\/wp-json\/wp\/v2\/media?parent=2490"}],"wp:term":[{"taxonomy":"category","embeddable":true,"href":"https:\/\/sindticccba.org.br\/index.php\/wp-json\/wp\/v2\/categories?post=2490"},{"taxonomy":"post_tag","embeddable":true,"href":"https:\/\/sindticccba.org.br\/index.php\/wp-json\/wp\/v2\/tags?post=2490"}],"curies":[{"name":"wp","href":"https:\/\/api.w.org\/{rel}","templated":true}]}}