{"id":2485,"date":"2025-03-28T14:57:25","date_gmt":"2025-03-28T17:57:25","guid":{"rendered":"https:\/\/sindticccba.org.br\/?p=2485"},"modified":"2025-03-28T14:57:25","modified_gmt":"2025-03-28T17:57:25","slug":"prazo-para-saque-de-dinheiro-esquecido-do-pis-pasep-comeca-nesta-sexta-feira","status":"publish","type":"post","link":"https:\/\/sindticccba.org.br\/index.php\/2025\/03\/28\/prazo-para-saque-de-dinheiro-esquecido-do-pis-pasep-comeca-nesta-sexta-feira\/","title":{"rendered":"Prazo para saque de dinheiro esquecido do PIS\/Pasep come\u00e7a nesta sexta-feira"},"content":{"rendered":"<figure id=\"attachment_952\" aria-describedby=\"caption-attachment-952\" style=\"width: 300px\" class=\"wp-caption alignnone\"><img loading=\"lazy\" decoding=\"async\" class=\"size-medium wp-image-952\" src=\"https:\/\/sindticccba.org.br\/wp-content\/uploads\/2024\/01\/Cinquentinha-300x143.png\" alt=\"\" width=\"300\" height=\"143\" srcset=\"https:\/\/sindticccba.org.br\/wp-content\/uploads\/2024\/01\/Cinquentinha-300x143.png 300w, https:\/\/sindticccba.org.br\/wp-content\/uploads\/2024\/01\/Cinquentinha.png 480w\" sizes=\"auto, (max-width: 300px) 100vw, 300px\" \/><figcaption id=\"caption-attachment-952\" class=\"wp-caption-text\">Foto: Shutterstock<\/figcaption><\/figure>\n<p style=\"text-align: justify;\">O trabalhador que possuir cotas esquecidas relativas ao antigo fundo do Programa de Integra\u00e7\u00e3o Social (PIS) e do Programa de Forma\u00e7\u00e3o de Patrim\u00f4nio do Servidor P\u00fablico (Pasep) pode sacar a quantia a partir desta sexta-feira (28).<\/p>\n<p style=\"text-align: justify;\">Os saques poder\u00e3o ser feitos at\u00e9 o dia 26 de janeiro de 2026, a depender da data em que o pedido foi realizado. O dinheiro tamb\u00e9m pode ser resgatado por herdeiros.<\/p>\n<p style=\"text-align: justify;\">Tem direito ao saque todo trabalhador que possuiu carteira assinada entre 1971 e 1988. A solicita\u00e7\u00e3o para saque pode ser realizada tanto por meio do aplicativo FGTS quanto pela plataforma Repis Cidad\u00e3o.<\/p>\n<p style=\"text-align: justify;\">Nesta sexta, ser\u00e3o pagos os valores \u00e0queles que fizeram o pedido at\u00e9 o dia 28 de fevereiro deste ano. Quem fizer pedido at\u00e9 31 de mar\u00e7o poder\u00e1 fazer o saque no dia 25 de abril; e quem fizer o pedido at\u00e9 30 de abril ter\u00e1, como data de pagamento, o dia 26 de maio.<\/p>\n<p style=\"text-align: justify;\">Segundo informa\u00e7\u00f5es do Minist\u00e9rio da Fazenda, a expectativa \u00e9 de que cada trabalhador receber\u00e1, em m\u00e9dia, R$ 2,8 mil.<\/p>\n","protected":false},"excerpt":{"rendered":"<p>O trabalhador que possuir cotas esquecidas relativas ao antigo fundo do Programa de Integra\u00e7\u00e3o Social (PIS) e do Programa de Forma\u00e7\u00e3o de Patrim\u00f4nio do Servidor P\u00fablico (Pasep) pode sacar a quantia a partir desta sexta-feira (28). Os saques poder\u00e3o ser feitos at\u00e9 o dia 26 de janeiro de 2026, a depender da data em que [&hellip;]<\/p>\n","protected":false},"author":2,"featured_media":952,"comment_status":"closed","ping_status":"closed","sticky":false,"template":"","format":"standard","meta":{"footnotes":""},"categories":[1],"tags":[],"class_list":{"0":"post-2485","1":"post","2":"type-post","3":"status-publish","4":"format-standard","5":"has-post-thumbnail","7":"category-noticias"},"_links":{"self":[{"href":"https:\/\/sindticccba.org.br\/index.php\/wp-json\/wp\/v2\/posts\/2485","targetHints":{"allow":["GET"]}}],"collection":[{"href":"https:\/\/sindticccba.org.br\/index.php\/wp-json\/wp\/v2\/posts"}],"about":[{"href":"https:\/\/sindticccba.org.br\/index.php\/wp-json\/wp\/v2\/types\/post"}],"author":[{"embeddable":true,"href":"https:\/\/sindticccba.org.br\/index.php\/wp-json\/wp\/v2\/users\/2"}],"replies":[{"embeddable":true,"href":"https:\/\/sindticccba.org.br\/index.php\/wp-json\/wp\/v2\/comments?post=2485"}],"version-history":[{"count":1,"href":"https:\/\/sindticccba.org.br\/index.php\/wp-json\/wp\/v2\/posts\/2485\/revisions"}],"predecessor-version":[{"id":2486,"href":"https:\/\/sindticccba.org.br\/index.php\/wp-json\/wp\/v2\/posts\/2485\/revisions\/2486"}],"wp:featuredmedia":[{"embeddable":true,"href":"https:\/\/sindticccba.org.br\/index.php\/wp-json\/wp\/v2\/media\/952"}],"wp:attachment":[{"href":"https:\/\/sindticccba.org.br\/index.php\/wp-json\/wp\/v2\/media?parent=2485"}],"wp:term":[{"taxonomy":"category","embeddable":true,"href":"https:\/\/sindticccba.org.br\/index.php\/wp-json\/wp\/v2\/categories?post=2485"},{"taxonomy":"post_tag","embeddable":true,"href":"https:\/\/sindticccba.org.br\/index.php\/wp-json\/wp\/v2\/tags?post=2485"}],"curies":[{"name":"wp","href":"https:\/\/api.w.org\/{rel}","templated":true}]}}