{"id":2450,"date":"2025-03-12T15:21:53","date_gmt":"2025-03-12T18:21:53","guid":{"rendered":"https:\/\/sindticccba.org.br\/?p=2450"},"modified":"2025-03-12T15:21:53","modified_gmt":"2025-03-12T18:21:53","slug":"lula-assina-criacao-de-novo-consignado-pedidos-comecam-dia-21-de-marco","status":"publish","type":"post","link":"https:\/\/sindticccba.org.br\/index.php\/2025\/03\/12\/lula-assina-criacao-de-novo-consignado-pedidos-comecam-dia-21-de-marco\/","title":{"rendered":"Lula assina cria\u00e7\u00e3o de novo consignado; pedidos come\u00e7am dia 21 de mar\u00e7o"},"content":{"rendered":"<figure id=\"attachment_2451\" aria-describedby=\"caption-attachment-2451\" style=\"width: 300px\" class=\"wp-caption alignnone\"><img loading=\"lazy\" decoding=\"async\" class=\"size-medium wp-image-2451\" src=\"https:\/\/sindticccba.org.br\/wp-content\/uploads\/2025\/03\/lula_jose-cruz_agencia-brasil-900x615-1-300x205.jpg\" alt=\"\" width=\"300\" height=\"205\" srcset=\"https:\/\/sindticccba.org.br\/wp-content\/uploads\/2025\/03\/lula_jose-cruz_agencia-brasil-900x615-1-300x205.jpg 300w, https:\/\/sindticccba.org.br\/wp-content\/uploads\/2025\/03\/lula_jose-cruz_agencia-brasil-900x615-1-768x525.jpg 768w, https:\/\/sindticccba.org.br\/wp-content\/uploads\/2025\/03\/lula_jose-cruz_agencia-brasil-900x615-1-218x150.jpg 218w, https:\/\/sindticccba.org.br\/wp-content\/uploads\/2025\/03\/lula_jose-cruz_agencia-brasil-900x615-1-696x476.jpg 696w, https:\/\/sindticccba.org.br\/wp-content\/uploads\/2025\/03\/lula_jose-cruz_agencia-brasil-900x615-1.jpg 900w\" sizes=\"auto, (max-width: 300px) 100vw, 300px\" \/><figcaption id=\"caption-attachment-2451\" class=\"wp-caption-text\">Foto: Jos\u00e9 Cruz\/Arquivo\/Ag\u00eancia Brasil<\/figcaption><\/figure>\n<p style=\"text-align: justify;\">O presidente Luiz In\u00e1cio Lula da Silva (PT) assina nesta quarta-feira (12) a medida provis\u00f3ria (MP) que cria o novo empr\u00e9stimo consignado privado.<\/p>\n<p style=\"text-align: justify;\">Batizado de \u201cCr\u00e9dito do Trabalhador\u201d, o modelo dar\u00e1 acesso aos trabalhadores formais ao empr\u00e9stimo com desconto em folha sem a necessidade de conv\u00eanio entre empresa e banco. A libera\u00e7\u00e3o do novo modelo come\u00e7a no dia 21 de mar\u00e7o e os pedidos ser\u00e3o feitos por meio da carteira de trabalho digital.<\/p>\n<p style=\"text-align: justify;\">Os trabalhadores que j\u00e1 t\u00eam empr\u00e9stimos com desconto em folha podem pedir portabilidade do contrato existente para o novo modelo a partir de 25 de abril deste ano. Os bancos far\u00e3o a migra\u00e7\u00e3o a partir de 6 de junho.<\/p>\n<p style=\"text-align: justify;\">O novo cr\u00e9dito ter\u00e1 limite de margem consign\u00e1vel de 35% do sal\u00e1rio do trabalhador, limite j\u00e1 usado em outras modalidades. A expectativa do governo \u00e9 de que 80 institui\u00e7\u00f5es financeiras pe\u00e7am habilita\u00e7\u00e3o para oferecer o cr\u00e9dito.<\/p>\n<p style=\"text-align: justify;\">Essa ades\u00e3o ser\u00e1 aberta com a publica\u00e7\u00e3o da medida provis\u00f3ria.<\/p>\n<p style=\"text-align: justify;\">A cria\u00e7\u00e3o do novo modelo de cr\u00e9dito consignado \u00e9 tida como uma das principais agendas econ\u00f4micas do governo federal em 2025, junto da amplia\u00e7\u00e3o da isen\u00e7\u00e3o do Imposto de Renda para quem ganha at\u00e9 R$ 5.000, proposta que deve ser encaminhada ao Congresso nos pr\u00f3ximos dias.<\/p>\n<p style=\"text-align: justify;\">O governo tem lan\u00e7ado medidas voltadas \u00e0s classes mais baixas em um cen\u00e1rio de tentativa de revers\u00e3o da perda de popularidade do presidente.<\/p>\n<p style=\"text-align: justify;\">Na semana passada, o vice-presidente Geraldo Alckmin e ministros anunciaram al\u00edquotas zero para produtos como milho, azeite e caf\u00e9, em uma movimenta\u00e7\u00e3o para conter os pre\u00e7os de alimentos, um dos principais pontos de cr\u00edticas neste momento da gest\u00e3o.<\/p>\n<p style=\"text-align: justify;\">O novo consignado poder\u00e1 ser acessado por todos os trabalhadores com carteira assinada, incluindo, assim, empregados rurais, dom\u00e9sticos e microemprendedores individuais.<\/p>\n<p style=\"text-align: justify;\">Os pedidos de empr\u00e9stimo com desconto em folha ser\u00e3o feitos nos aplicativos e sites dos bancos, que passam agora a ter acesso aos dados do eSocial, o sistema de escritura\u00e7\u00e3o do governo federal, onde constam os dados laborais e previdenci\u00e1rios dos trabalhadores, como contratos, remunera\u00e7\u00e3o e f\u00e9rias.<\/p>\n<p style=\"text-align: justify;\">A Febraban (Federa\u00e7\u00e3o Brasileira dos Bancos) projeta que o novo consignado possa gerar uma carteira de cr\u00e9dito de R$ 120 bilh\u00f5es. O volume de cr\u00e9dito do setor privado \u00e9 de R$ 40 bilh\u00f5es, numa carteira total de empr\u00e9stimos consignados em torno de R$ 676 bilh\u00f5es.<\/p>\n<p style=\"text-align: justify;\">H\u00e1 expectativa de que a competi\u00e7\u00e3o entre os grandes bancos p\u00fablicos e privados e as fintechs melhore a oferta de cr\u00e9dito e as taxas de juros desses empr\u00e9stimos, em um momento em que a taxa Selic (em 13,25% ao ano atualmente) est\u00e1 alta e com a indica\u00e7\u00e3o de subir ainda mais neste ano.<\/p>\n<p style=\"text-align: justify;\">Como mostrou a Folha nesta quarta-feira, o consignado tem as menores taxas entre as modalidades de cr\u00e9dito pessoal. Enquanto a taxa m\u00e9dia do consignado dos aposentados ficou em 21,9% ao ano em 2024, segundo o Banco Central, o cheque especial ficou em 136% anuais, em m\u00e9dia.<\/p>\n<p style=\"text-align: justify;\">O consignado do INSS (Instituto Nacional do Seguro Social) tem teto de juros, atualmente em 1,80% ao m\u00eas. Os bancos t\u00eam pressionado por uma flexibiliza\u00e7\u00e3o nesse limite e defendem que a modalidade fica invi\u00e1vel com uma remunera\u00e7\u00e3o t\u00e3o baixa. O novo consignado n\u00e3o ter\u00e1 esse limite.<\/p>\n<p style=\"text-align: justify;\">A cria\u00e7\u00e3o do novo consignado \u00e9 tida como uma das principais pautas econ\u00f4micas do governo Lula nesse semestre. A outra \u00e9 o projeto que eleva a R$ 5.000 a faixa de isen\u00e7\u00e3o do Imposto de Renda. A previs\u00e3o mais recente da Fazenda \u00e9 a de enviar esse texto ao Congresso na pr\u00f3xima semana.<\/p>\n<p style=\"text-align: justify;\"><span class=\"assinatura_exclusiva\" style=\"font-size: 8pt;\">Fernanda Brigatti e Mariana Brasil\/Folhapress<\/span><\/p>\n","protected":false},"excerpt":{"rendered":"<p>O presidente Luiz In\u00e1cio Lula da Silva (PT) assina nesta quarta-feira (12) a medida provis\u00f3ria (MP) que cria o novo empr\u00e9stimo consignado privado. Batizado de \u201cCr\u00e9dito do Trabalhador\u201d, o modelo dar\u00e1 acesso aos trabalhadores formais ao empr\u00e9stimo com desconto em folha sem a necessidade de conv\u00eanio entre empresa e banco. A libera\u00e7\u00e3o do novo modelo [&hellip;]<\/p>\n","protected":false},"author":2,"featured_media":2451,"comment_status":"closed","ping_status":"closed","sticky":false,"template":"","format":"standard","meta":{"footnotes":""},"categories":[1],"tags":[],"class_list":{"0":"post-2450","1":"post","2":"type-post","3":"status-publish","4":"format-standard","5":"has-post-thumbnail","7":"category-noticias"},"_links":{"self":[{"href":"https:\/\/sindticccba.org.br\/index.php\/wp-json\/wp\/v2\/posts\/2450","targetHints":{"allow":["GET"]}}],"collection":[{"href":"https:\/\/sindticccba.org.br\/index.php\/wp-json\/wp\/v2\/posts"}],"about":[{"href":"https:\/\/sindticccba.org.br\/index.php\/wp-json\/wp\/v2\/types\/post"}],"author":[{"embeddable":true,"href":"https:\/\/sindticccba.org.br\/index.php\/wp-json\/wp\/v2\/users\/2"}],"replies":[{"embeddable":true,"href":"https:\/\/sindticccba.org.br\/index.php\/wp-json\/wp\/v2\/comments?post=2450"}],"version-history":[{"count":1,"href":"https:\/\/sindticccba.org.br\/index.php\/wp-json\/wp\/v2\/posts\/2450\/revisions"}],"predecessor-version":[{"id":2452,"href":"https:\/\/sindticccba.org.br\/index.php\/wp-json\/wp\/v2\/posts\/2450\/revisions\/2452"}],"wp:featuredmedia":[{"embeddable":true,"href":"https:\/\/sindticccba.org.br\/index.php\/wp-json\/wp\/v2\/media\/2451"}],"wp:attachment":[{"href":"https:\/\/sindticccba.org.br\/index.php\/wp-json\/wp\/v2\/media?parent=2450"}],"wp:term":[{"taxonomy":"category","embeddable":true,"href":"https:\/\/sindticccba.org.br\/index.php\/wp-json\/wp\/v2\/categories?post=2450"},{"taxonomy":"post_tag","embeddable":true,"href":"https:\/\/sindticccba.org.br\/index.php\/wp-json\/wp\/v2\/tags?post=2450"}],"curies":[{"name":"wp","href":"https:\/\/api.w.org\/{rel}","templated":true}]}}