{"id":2447,"date":"2025-03-11T16:32:19","date_gmt":"2025-03-11T19:32:19","guid":{"rendered":"https:\/\/sindticccba.org.br\/?p=2447"},"modified":"2025-03-11T16:32:40","modified_gmt":"2025-03-11T19:32:40","slug":"producao-industrial-fica-estavel-em-janeiro-apos-tres-meses-de-baixa","status":"publish","type":"post","link":"https:\/\/sindticccba.org.br\/index.php\/2025\/03\/11\/producao-industrial-fica-estavel-em-janeiro-apos-tres-meses-de-baixa\/","title":{"rendered":"Produ\u00e7\u00e3o industrial fica est\u00e1vel em janeiro, ap\u00f3s tr\u00eas meses de baixa"},"content":{"rendered":"<p>Em 12 meses, setor apresenta alta de 2,9%<\/p>\n<p><a href=\"https:\/\/sindticccba.org.br\/wp-content\/uploads\/2025\/03\/IIBGE.jpg\"><img loading=\"lazy\" decoding=\"async\" class=\"alignnone size-full wp-image-2448\" src=\"https:\/\/sindticccba.org.br\/wp-content\/uploads\/2025\/03\/IIBGE.jpg\" alt=\"\" width=\"700\" height=\"460\" srcset=\"https:\/\/sindticccba.org.br\/wp-content\/uploads\/2025\/03\/IIBGE.jpg 700w, https:\/\/sindticccba.org.br\/wp-content\/uploads\/2025\/03\/IIBGE-300x197.jpg 300w, https:\/\/sindticccba.org.br\/wp-content\/uploads\/2025\/03\/IIBGE-696x457.jpg 696w\" sizes=\"auto, (max-width: 700px) 100vw, 700px\" \/><\/a><\/p>\n<p>Ap\u00f3s tr\u00eas meses de baixa, a produ\u00e7\u00e3o da ind\u00fastria brasileira apresentou varia\u00e7\u00e3o nula na passagem de dezembro para janeiro, ou seja, n\u00e3o teve crescimento nem queda. O dado faz parte da Pesquisa Industrial Mensal, divulgada nesta ter\u00e7a-feira (11) pelo Instituto Brasileiro de Geografia e Estat\u00edstica (IBGE).<\/p>\n<p>Em rela\u00e7\u00e3o ao mesmo m\u00eas do ano anterior, o setor teve alta de 1,4%, a oitava expans\u00e3o seguida nesse tipo de compara\u00e7\u00e3o. No acumulado de 12 meses, houve expans\u00e3o de 2,9%.<\/p>\n<p>O resultado de janeiro deixa a ind\u00fastria brasileira 1,3% acima do patamar pr\u00e9-pandemia de covid-19, de fevereiro de 2020. No entanto, a produ\u00e7\u00e3o do parque industrial brasileiro est\u00e1 15,6% abaixo do ponto mais alto da s\u00e9rie, alcan\u00e7ado em maio de 2011.<\/p>\n<p>O \u00edndice de difus\u00e3o mostra que 68,9% dos 789 produtos pesquisados apresentaram alta na produ\u00e7\u00e3o na passagem de dezembro para janeiro.<\/p>\n<p>A varia\u00e7\u00e3o nula de janeiro interrompeu tr\u00eas meses de queda, quando a produ\u00e7\u00e3o encolheu 1,2%, conforme os dados abaixo:<\/p>\n<p>Outubro: -0,2%<br \/>\nNovembro: &#8211; 0,7%<br \/>\nDezembro: -0,3%<br \/>\nJaneiro: 0%<br \/>\nA \u00faltima vez em que a produ\u00e7\u00e3o da ind\u00fastria nacional ficou quatro meses sem crescimento foi em 2015, de setembro a dezembro, acumulando 5,6% de recuo.<\/p>\n<p>Espalhamento<br \/>\nApesar da varia\u00e7\u00e3o nula, o gerente da pesquisa, Andr\u00e9 Macedo, ressalta como positiva a interrup\u00e7\u00e3o do movimento de queda e o maior espalhamento dos resultados positivos.<\/p>\n<p>Macedo se refere ao fato de que tr\u00eas das quatro grandes categorias econ\u00f4micas mostraram avan\u00e7o na produ\u00e7\u00e3o:<br \/>\n&#8211; Bens de capital (m\u00e1quinas e equipamentos): 1,5%<br \/>\n&#8211; Bens intermedi\u00e1rios (utilizados para fabricar outros bens ou servi\u00e7os): -1,4%<br \/>\n&#8211; Bens de consumo dur\u00e1veis: 4,4%<br \/>\n&#8211; Bens de consumo semidur\u00e1veis e n\u00e3o dur\u00e1veis: 3,1%<\/p>\n<p>Al\u00e9m disso, 18 dos 25 ramos pesquisados ficaram no terreno de expans\u00e3o. Entre os destaques, as principais contribui\u00e7\u00f5es positivas foram:<br \/>\n&#8211; M\u00e1quinas e equipamentos (6,9%)<br \/>\n&#8211; Ve\u00edculos automotores, reboques e carrocerias (3%)<br \/>\n&#8211; Produtos de borracha e de material pl\u00e1stico (3,7%)<br \/>\n&#8211; Artefatos de couro, artigos para viagem e cal\u00e7ados (9,3%)<br \/>\n&#8211; Farmoqu\u00edmicos e farmac\u00eauticos (4,8%)<br \/>\n&#8211; Produtos diversos (10%)<br \/>\n&#8211; M\u00e1quinas, aparelhos e materiais el\u00e9tricos (4,3%)<br \/>\n&#8211; M\u00f3veis (6,8%)<br \/>\n&#8211; Manuten\u00e7\u00e3o, repara\u00e7\u00e3o e instala\u00e7\u00e3o de m\u00e1quinas e equipamentos (5%)<br \/>\n&#8211; Aliment\u00edcios (0,4%)<\/p>\n<p>De acordo com Andr\u00e9 Macedo, essas atividades v\u00eam de comportamento negativo no final de 2024, influenciadas, em grande medida, por f\u00e9rias coletivas neste per\u00edodo.<\/p>\n<p>\u201cH\u00e1 um movimento de maior dinamismo para a produ\u00e7\u00e3o de janeiro de 2025 por causa da volta \u00e0 produ\u00e7\u00e3o e que elimina a perda registrada em dezembro de 2024\u201d, explica.<\/p>\n<p>Ind\u00fastrias extrativas<br \/>\nSeis segmentos industriais apresentaram queda na produ\u00e7\u00e3o. Nesse universo, se destaca a atividade de ind\u00fastrias extrativas (-2,4%), que exerceu o principal impacto em janeiro e interrompeu dois meses seguidos de crescimento na produ\u00e7\u00e3o.<\/p>\n<p>O gerente do IBGE aponta que a atividade de ind\u00fastrias extrativas foi influenciada pelo comportamento de seus dois principais itens: petr\u00f3leo e min\u00e9rios de ferro.<\/p>\n<p>\u201cOutro ponto importante, que deve ser considerado para explicarmos a queda deste m\u00eas, \u00e9 o fato desse ramo industrial ter mostrado crescimento nos dois \u00faltimos meses de 2024. Na atividade de petr\u00f3leo e g\u00e1s, observa-se algumas paralisa\u00e7\u00f5es em plataformas por conta de paradas programadas ou n\u00e3o\u201d, afirma.<br \/>\n<em>(Fonte: CUT. Bruno de Freitas Moura, Ag\u00eancia Brasil)<\/em><\/p>\n","protected":false},"excerpt":{"rendered":"<p>Em 12 meses, setor apresenta alta de 2,9% Ap\u00f3s tr\u00eas meses de baixa, a produ\u00e7\u00e3o da ind\u00fastria brasileira apresentou varia\u00e7\u00e3o nula na passagem de dezembro para janeiro, ou seja, n\u00e3o teve crescimento nem queda. O dado faz parte da Pesquisa Industrial Mensal, divulgada nesta ter\u00e7a-feira (11) pelo Instituto Brasileiro de Geografia e Estat\u00edstica (IBGE). Em [&hellip;]<\/p>\n","protected":false},"author":4,"featured_media":2448,"comment_status":"closed","ping_status":"closed","sticky":false,"template":"","format":"standard","meta":{"footnotes":""},"categories":[1],"tags":[],"class_list":{"0":"post-2447","1":"post","2":"type-post","3":"status-publish","4":"format-standard","5":"has-post-thumbnail","7":"category-noticias"},"_links":{"self":[{"href":"https:\/\/sindticccba.org.br\/index.php\/wp-json\/wp\/v2\/posts\/2447","targetHints":{"allow":["GET"]}}],"collection":[{"href":"https:\/\/sindticccba.org.br\/index.php\/wp-json\/wp\/v2\/posts"}],"about":[{"href":"https:\/\/sindticccba.org.br\/index.php\/wp-json\/wp\/v2\/types\/post"}],"author":[{"embeddable":true,"href":"https:\/\/sindticccba.org.br\/index.php\/wp-json\/wp\/v2\/users\/4"}],"replies":[{"embeddable":true,"href":"https:\/\/sindticccba.org.br\/index.php\/wp-json\/wp\/v2\/comments?post=2447"}],"version-history":[{"count":1,"href":"https:\/\/sindticccba.org.br\/index.php\/wp-json\/wp\/v2\/posts\/2447\/revisions"}],"predecessor-version":[{"id":2449,"href":"https:\/\/sindticccba.org.br\/index.php\/wp-json\/wp\/v2\/posts\/2447\/revisions\/2449"}],"wp:featuredmedia":[{"embeddable":true,"href":"https:\/\/sindticccba.org.br\/index.php\/wp-json\/wp\/v2\/media\/2448"}],"wp:attachment":[{"href":"https:\/\/sindticccba.org.br\/index.php\/wp-json\/wp\/v2\/media?parent=2447"}],"wp:term":[{"taxonomy":"category","embeddable":true,"href":"https:\/\/sindticccba.org.br\/index.php\/wp-json\/wp\/v2\/categories?post=2447"},{"taxonomy":"post_tag","embeddable":true,"href":"https:\/\/sindticccba.org.br\/index.php\/wp-json\/wp\/v2\/tags?post=2447"}],"curies":[{"name":"wp","href":"https:\/\/api.w.org\/{rel}","templated":true}]}}