{"id":2429,"date":"2025-03-06T12:55:23","date_gmt":"2025-03-06T15:55:23","guid":{"rendered":"https:\/\/sindticccba.org.br\/?p=2429"},"modified":"2025-03-06T12:56:07","modified_gmt":"2025-03-06T15:56:07","slug":"mulheres-na-luta-marcha-8m-toma-as-ruas-de-salvador-em-defesa-de-direitos-e-democracia","status":"publish","type":"post","link":"https:\/\/sindticccba.org.br\/index.php\/2025\/03\/06\/mulheres-na-luta-marcha-8m-toma-as-ruas-de-salvador-em-defesa-de-direitos-e-democracia\/","title":{"rendered":"Mulheres na luta: Marcha 8M toma as ruas de Salvador em defesa de direitos e democracia"},"content":{"rendered":"<p>No dia 8 de mar\u00e7o, as mulheres de Salvador se unem mais uma vez para ecoar suas vozes na Marcha 8M, que neste ano ter\u00e1 concentra\u00e7\u00e3o \u00e0s 14h no Cristo da Barra, seguindo em caminhada at\u00e9 o Farol da Barra. A CUT Bahia estar\u00e1 presente, mobilizando as trabalhadoras para fortalecer a luta por igualdade, justi\u00e7a e direitos. \ud83d\udcaa\ud83c\udffe<br \/>\nEm um cen\u00e1rio de constantes ataques aos direitos das mulheres, a marcha reafirma a necessidade de combater a viol\u00eancia de g\u00eanero, garantir pol\u00edticas p\u00fablicas voltadas \u00e0s mulheres, fortalecer a participa\u00e7\u00e3o feminina na pol\u00edtica e no mundo do trabalho, al\u00e9m de exigir justi\u00e7a social para todas. O 8 de mar\u00e7o n\u00e3o \u00e9 s\u00f3 um dia de homenagem, \u00e9 um dia de luta!<br \/>\nA CUT Bahia convoca todas as companheiras e companheiros a somarem for\u00e7as nessa mobiliza\u00e7\u00e3o. Juntas, seguimos em marcha por uma sociedade mais justa e igualit\u00e1ria!<br \/>\n\u270a\ud83c\udffe\ud83d\udc9c Venha para a luta! Dia 8 de mar\u00e7o, \u00e0s 14h, no Cristo da Barra.<br \/>\n#8M #MarchaDasMulheres #CUTBahia<br \/>\n(Fonte: Instagram CUT-BA)<\/p>\n<p><a href=\"https:\/\/sindticccba.org.br\/wp-content\/uploads\/2025\/03\/CUT-BA.jpg\"><img loading=\"lazy\" decoding=\"async\" src=\"https:\/\/sindticccba.org.br\/wp-content\/uploads\/2025\/03\/CUT-BA.jpg\" alt=\"\" width=\"646\" height=\"808\" class=\"alignnone size-full wp-image-2430\" srcset=\"https:\/\/sindticccba.org.br\/wp-content\/uploads\/2025\/03\/CUT-BA.jpg 646w, https:\/\/sindticccba.org.br\/wp-content\/uploads\/2025\/03\/CUT-BA-240x300.jpg 240w\" sizes=\"auto, (max-width: 646px) 100vw, 646px\" \/><\/a><\/p>\n","protected":false},"excerpt":{"rendered":"<p>No dia 8 de mar\u00e7o, as mulheres de Salvador se unem mais uma vez para ecoar suas vozes na Marcha 8M, que neste ano ter\u00e1 concentra\u00e7\u00e3o \u00e0s 14h no Cristo da Barra, seguindo em caminhada at\u00e9 o Farol da Barra. A CUT Bahia estar\u00e1 presente, mobilizando as trabalhadoras para fortalecer a luta por igualdade, justi\u00e7a [&hellip;]<\/p>\n","protected":false},"author":4,"featured_media":2430,"comment_status":"closed","ping_status":"closed","sticky":false,"template":"","format":"standard","meta":{"footnotes":""},"categories":[1],"tags":[],"class_list":{"0":"post-2429","1":"post","2":"type-post","3":"status-publish","4":"format-standard","5":"has-post-thumbnail","7":"category-noticias"},"_links":{"self":[{"href":"https:\/\/sindticccba.org.br\/index.php\/wp-json\/wp\/v2\/posts\/2429","targetHints":{"allow":["GET"]}}],"collection":[{"href":"https:\/\/sindticccba.org.br\/index.php\/wp-json\/wp\/v2\/posts"}],"about":[{"href":"https:\/\/sindticccba.org.br\/index.php\/wp-json\/wp\/v2\/types\/post"}],"author":[{"embeddable":true,"href":"https:\/\/sindticccba.org.br\/index.php\/wp-json\/wp\/v2\/users\/4"}],"replies":[{"embeddable":true,"href":"https:\/\/sindticccba.org.br\/index.php\/wp-json\/wp\/v2\/comments?post=2429"}],"version-history":[{"count":1,"href":"https:\/\/sindticccba.org.br\/index.php\/wp-json\/wp\/v2\/posts\/2429\/revisions"}],"predecessor-version":[{"id":2431,"href":"https:\/\/sindticccba.org.br\/index.php\/wp-json\/wp\/v2\/posts\/2429\/revisions\/2431"}],"wp:featuredmedia":[{"embeddable":true,"href":"https:\/\/sindticccba.org.br\/index.php\/wp-json\/wp\/v2\/media\/2430"}],"wp:attachment":[{"href":"https:\/\/sindticccba.org.br\/index.php\/wp-json\/wp\/v2\/media?parent=2429"}],"wp:term":[{"taxonomy":"category","embeddable":true,"href":"https:\/\/sindticccba.org.br\/index.php\/wp-json\/wp\/v2\/categories?post=2429"},{"taxonomy":"post_tag","embeddable":true,"href":"https:\/\/sindticccba.org.br\/index.php\/wp-json\/wp\/v2\/tags?post=2429"}],"curies":[{"name":"wp","href":"https:\/\/api.w.org\/{rel}","templated":true}]}}