{"id":2421,"date":"2025-02-28T12:11:01","date_gmt":"2025-02-28T15:11:01","guid":{"rendered":"https:\/\/sindticccba.org.br\/?p=2421"},"modified":"2025-02-28T12:11:01","modified_gmt":"2025-02-28T15:11:01","slug":"contra-irregularidades-contratuais-trabalhadores-da-npe-braskem-em-camacari-fazem-greve-de-quatro-dias","status":"publish","type":"post","link":"https:\/\/sindticccba.org.br\/index.php\/2025\/02\/28\/contra-irregularidades-contratuais-trabalhadores-da-npe-braskem-em-camacari-fazem-greve-de-quatro-dias\/","title":{"rendered":"Contra irregularidades contratuais, trabalhadores da NPE\/Braskem em Cama\u00e7ari fazem greve de quatro dias"},"content":{"rendered":"<figure id=\"attachment_2422\" aria-describedby=\"caption-attachment-2422\" style=\"width: 238px\" class=\"wp-caption alignleft\"><img loading=\"lazy\" decoding=\"async\" class=\"size-medium wp-image-2422\" src=\"https:\/\/sindticccba.org.br\/wp-content\/uploads\/2025\/02\/Bira-hoje-238x300.jpg\" alt=\"\" width=\"238\" height=\"300\" srcset=\"https:\/\/sindticccba.org.br\/wp-content\/uploads\/2025\/02\/Bira-hoje-238x300.jpg 238w, https:\/\/sindticccba.org.br\/wp-content\/uploads\/2025\/02\/Bira-hoje-696x878.jpg 696w, https:\/\/sindticccba.org.br\/wp-content\/uploads\/2025\/02\/Bira-hoje.jpg 718w\" sizes=\"auto, (max-width: 238px) 100vw, 238px\" \/><figcaption id=\"caption-attachment-2422\" class=\"wp-caption-text\">SINDTICCC liderou o movimento e garantiu na Justi\u00e7a a presen\u00e7a de \u00f3rg\u00e3os fiscalizadores numa comiss\u00e3o de negocia\u00e7\u00e3o, pagamento dos dias parados e estabilidade no emprego durante as negocia\u00e7\u00f5es<\/figcaption><\/figure>\n<p style=\"text-align: justify;\">De 24 a 27 de fevereiro, cerca de 200 trabalhadores da NPE Niplan Service Ltda. paralisaram o trabalho por conta de irregularidades em contratos tempor\u00e1rios. Al\u00e9m disso, a empresa n\u00e3o pagou aos contratados por tempo indeterminado, a Participa\u00e7\u00e3o nos Lucros (PL). A greve foi suspensa ap\u00f3s audi\u00eancia na Justi\u00e7a do Trabalho.<\/p>\n<p style=\"text-align: justify;\">Segundo informa\u00e7\u00f5es do Sindicato dos Trabalhadores da Constru\u00e7\u00e3o Civil, Montagem e Manuten\u00e7\u00e3o Industrial de Cama\u00e7ari e Regi\u00e3o, SINDTICCC, a NPE mant\u00e9m contrato de 4 anos com a Braskem, mas imp\u00f5e contratos tempor\u00e1rios de 85 dias que s\u00e3o renovados por diversas vezes com o mesmo trabalhador, pr\u00e1tica proibida por lei.<\/p>\n<p style=\"text-align: justify;\">\u201cTrata-se de uma pr\u00e1tica ilegal que prejudica os trabalhadores e beneficia a empresa que se livra de obriga\u00e7\u00f5es trabalhistas como aviso pr\u00e9vio, seguro-desemprego e indeniza\u00e7\u00e3o do FGTS, por exemplo\u201d, denunciou Ant\u00f4nio Ubirajara (Bira), presidente do sindicato.<\/p>\n<p style=\"text-align: justify;\"><strong>Judicializada<\/strong><\/p>\n<p style=\"text-align: justify;\">Ap\u00f3s a\u00e7\u00e3o movida pela empresa, uma audi\u00eancia no Tribunal Regional do Trabalho da 5.\u00aa Regi\u00e3o selou um acordo para o pagamento dos dias parados, a proibi\u00e7\u00e3o de demiss\u00f5es durante as negocia\u00e7\u00f5es e a instala\u00e7\u00e3o de uma mesa de negocia\u00e7\u00e3o com participa\u00e7\u00e3o do Minist\u00e9rio P\u00fablico do Trabalho e da Superintend\u00eancia Regional do Trabalho e Emprego (SRTE).\u00a0 No dia 13 de mar\u00e7o est\u00e1 marcada a Audi\u00eancia para o julgamento da greve.<\/p>\n<p style=\"text-align: justify;\">\u201cFoi uma audi\u00eancia vitoriosa para os trabalhadores. Estamos confiantes que os \u00f3rg\u00e3os p\u00fablicos de fiscaliza\u00e7\u00e3o ir\u00e3o confirmar a irregularidade. Nossa luta \u00e9 em defesa da legisla\u00e7\u00e3o trabalhista e do Acordo Coletivo de Trabalho sobre PL\u201d, ressaltou Antonio Ubirajara.<\/p>\n","protected":false},"excerpt":{"rendered":"<p>De 24 a 27 de fevereiro, cerca de 200 trabalhadores da NPE Niplan Service Ltda. paralisaram o trabalho por conta de irregularidades em contratos tempor\u00e1rios. Al\u00e9m disso, a empresa n\u00e3o pagou aos contratados por tempo indeterminado, a Participa\u00e7\u00e3o nos Lucros (PL). A greve foi suspensa ap\u00f3s audi\u00eancia na Justi\u00e7a do Trabalho. Segundo informa\u00e7\u00f5es do Sindicato [&hellip;]<\/p>\n","protected":false},"author":2,"featured_media":2422,"comment_status":"closed","ping_status":"closed","sticky":false,"template":"","format":"standard","meta":{"footnotes":""},"categories":[1],"tags":[],"class_list":{"0":"post-2421","1":"post","2":"type-post","3":"status-publish","4":"format-standard","5":"has-post-thumbnail","7":"category-noticias"},"_links":{"self":[{"href":"https:\/\/sindticccba.org.br\/index.php\/wp-json\/wp\/v2\/posts\/2421","targetHints":{"allow":["GET"]}}],"collection":[{"href":"https:\/\/sindticccba.org.br\/index.php\/wp-json\/wp\/v2\/posts"}],"about":[{"href":"https:\/\/sindticccba.org.br\/index.php\/wp-json\/wp\/v2\/types\/post"}],"author":[{"embeddable":true,"href":"https:\/\/sindticccba.org.br\/index.php\/wp-json\/wp\/v2\/users\/2"}],"replies":[{"embeddable":true,"href":"https:\/\/sindticccba.org.br\/index.php\/wp-json\/wp\/v2\/comments?post=2421"}],"version-history":[{"count":1,"href":"https:\/\/sindticccba.org.br\/index.php\/wp-json\/wp\/v2\/posts\/2421\/revisions"}],"predecessor-version":[{"id":2423,"href":"https:\/\/sindticccba.org.br\/index.php\/wp-json\/wp\/v2\/posts\/2421\/revisions\/2423"}],"wp:featuredmedia":[{"embeddable":true,"href":"https:\/\/sindticccba.org.br\/index.php\/wp-json\/wp\/v2\/media\/2422"}],"wp:attachment":[{"href":"https:\/\/sindticccba.org.br\/index.php\/wp-json\/wp\/v2\/media?parent=2421"}],"wp:term":[{"taxonomy":"category","embeddable":true,"href":"https:\/\/sindticccba.org.br\/index.php\/wp-json\/wp\/v2\/categories?post=2421"},{"taxonomy":"post_tag","embeddable":true,"href":"https:\/\/sindticccba.org.br\/index.php\/wp-json\/wp\/v2\/tags?post=2421"}],"curies":[{"name":"wp","href":"https:\/\/api.w.org\/{rel}","templated":true}]}}