{"id":2416,"date":"2025-02-27T09:29:05","date_gmt":"2025-02-27T12:29:05","guid":{"rendered":"https:\/\/sindticccba.org.br\/?p=2416"},"modified":"2025-02-27T09:30:47","modified_gmt":"2025-02-27T12:30:47","slug":"greve-na-npe-braskem-hoje-tem-audiencia-de-dissidio-coletivo","status":"publish","type":"post","link":"https:\/\/sindticccba.org.br\/index.php\/2025\/02\/27\/greve-na-npe-braskem-hoje-tem-audiencia-de-dissidio-coletivo\/","title":{"rendered":"Greve na NPE\/Braskem: HOJE TEM AUDI\u00caNCIA DE DISS\u00cdDIO COLETIVO"},"content":{"rendered":"<p>Hoje, 27\/02, \u00e0s 10h da manh\u00e3, tem audi\u00eancia na Justi\u00e7a do Trabalho, tendo como pauta o DISS\u00cdDIO COLETIVO DE GREVE na empresa NPE. A diretoria do Sindticcc est\u00e1 a postos e otimista de que categoria sair\u00e1 vitoriosa em mais esse desafio da nossa jornada de lutas.<br \/>\nSindticccNaPista<br \/>\nS\u00f3ConquistaQuemLuta<\/p>\n<p><a href=\"https:\/\/sindticccba.org.br\/wp-content\/uploads\/2025\/02\/Diretoria-scaled.jpg\"><img loading=\"lazy\" decoding=\"async\" src=\"https:\/\/sindticccba.org.br\/wp-content\/uploads\/2025\/02\/Diretoria-768x1024.jpg\" alt=\"\" width=\"696\" height=\"928\" class=\"alignnone size-large wp-image-2417\" srcset=\"https:\/\/sindticccba.org.br\/wp-content\/uploads\/2025\/02\/Diretoria-768x1024.jpg 768w, https:\/\/sindticccba.org.br\/wp-content\/uploads\/2025\/02\/Diretoria-225x300.jpg 225w, https:\/\/sindticccba.org.br\/wp-content\/uploads\/2025\/02\/Diretoria-1152x1536.jpg 1152w, https:\/\/sindticccba.org.br\/wp-content\/uploads\/2025\/02\/Diretoria-1536x2048.jpg 1536w, https:\/\/sindticccba.org.br\/wp-content\/uploads\/2025\/02\/Diretoria-696x928.jpg 696w, https:\/\/sindticccba.org.br\/wp-content\/uploads\/2025\/02\/Diretoria-1068x1424.jpg 1068w, https:\/\/sindticccba.org.br\/wp-content\/uploads\/2025\/02\/Diretoria-scaled.jpg 1920w\" sizes=\"auto, (max-width: 696px) 100vw, 696px\" \/><\/a><br \/>\n<a href=\"https:\/\/sindticccba.org.br\/wp-content\/uploads\/2025\/02\/e8f71c30-7f6e-430f-a34c-cb4fa91b1fa0.jpg\"><img loading=\"lazy\" decoding=\"async\" src=\"https:\/\/sindticccba.org.br\/wp-content\/uploads\/2025\/02\/e8f71c30-7f6e-430f-a34c-cb4fa91b1fa0-768x1024.jpg\" alt=\"\" width=\"696\" height=\"928\" class=\"alignnone size-large wp-image-2419\" srcset=\"https:\/\/sindticccba.org.br\/wp-content\/uploads\/2025\/02\/e8f71c30-7f6e-430f-a34c-cb4fa91b1fa0-768x1024.jpg 768w, https:\/\/sindticccba.org.br\/wp-content\/uploads\/2025\/02\/e8f71c30-7f6e-430f-a34c-cb4fa91b1fa0-225x300.jpg 225w, https:\/\/sindticccba.org.br\/wp-content\/uploads\/2025\/02\/e8f71c30-7f6e-430f-a34c-cb4fa91b1fa0-696x928.jpg 696w, https:\/\/sindticccba.org.br\/wp-content\/uploads\/2025\/02\/e8f71c30-7f6e-430f-a34c-cb4fa91b1fa0.jpg 960w\" sizes=\"auto, (max-width: 696px) 100vw, 696px\" \/><\/a><\/p>\n","protected":false},"excerpt":{"rendered":"<p>Hoje, 27\/02, \u00e0s 10h da manh\u00e3, tem audi\u00eancia na Justi\u00e7a do Trabalho, tendo como pauta o DISS\u00cdDIO COLETIVO DE GREVE na empresa NPE. A diretoria do Sindticcc est\u00e1 a postos e otimista de que categoria sair\u00e1 vitoriosa em mais esse desafio da nossa jornada de lutas. SindticccNaPista S\u00f3ConquistaQuemLuta<\/p>\n","protected":false},"author":4,"featured_media":2417,"comment_status":"closed","ping_status":"closed","sticky":false,"template":"","format":"standard","meta":{"footnotes":""},"categories":[1],"tags":[],"class_list":{"0":"post-2416","1":"post","2":"type-post","3":"status-publish","4":"format-standard","5":"has-post-thumbnail","7":"category-noticias"},"_links":{"self":[{"href":"https:\/\/sindticccba.org.br\/index.php\/wp-json\/wp\/v2\/posts\/2416","targetHints":{"allow":["GET"]}}],"collection":[{"href":"https:\/\/sindticccba.org.br\/index.php\/wp-json\/wp\/v2\/posts"}],"about":[{"href":"https:\/\/sindticccba.org.br\/index.php\/wp-json\/wp\/v2\/types\/post"}],"author":[{"embeddable":true,"href":"https:\/\/sindticccba.org.br\/index.php\/wp-json\/wp\/v2\/users\/4"}],"replies":[{"embeddable":true,"href":"https:\/\/sindticccba.org.br\/index.php\/wp-json\/wp\/v2\/comments?post=2416"}],"version-history":[{"count":2,"href":"https:\/\/sindticccba.org.br\/index.php\/wp-json\/wp\/v2\/posts\/2416\/revisions"}],"predecessor-version":[{"id":2420,"href":"https:\/\/sindticccba.org.br\/index.php\/wp-json\/wp\/v2\/posts\/2416\/revisions\/2420"}],"wp:featuredmedia":[{"embeddable":true,"href":"https:\/\/sindticccba.org.br\/index.php\/wp-json\/wp\/v2\/media\/2417"}],"wp:attachment":[{"href":"https:\/\/sindticccba.org.br\/index.php\/wp-json\/wp\/v2\/media?parent=2416"}],"wp:term":[{"taxonomy":"category","embeddable":true,"href":"https:\/\/sindticccba.org.br\/index.php\/wp-json\/wp\/v2\/categories?post=2416"},{"taxonomy":"post_tag","embeddable":true,"href":"https:\/\/sindticccba.org.br\/index.php\/wp-json\/wp\/v2\/tags?post=2416"}],"curies":[{"name":"wp","href":"https:\/\/api.w.org\/{rel}","templated":true}]}}