{"id":2398,"date":"2025-02-21T18:28:02","date_gmt":"2025-02-21T21:28:02","guid":{"rendered":"https:\/\/sindticccba.org.br\/?p=2398"},"modified":"2025-02-24T15:25:13","modified_gmt":"2025-02-24T18:25:13","slug":"greve-na-empresa-npe-braskem","status":"publish","type":"post","link":"https:\/\/sindticccba.org.br\/index.php\/2025\/02\/21\/greve-na-empresa-npe-braskem\/","title":{"rendered":"DIA 24\/02: GREVE NA EMPRESA NPE\/BRASKEM"},"content":{"rendered":"<p>O processo de precariza\u00e7\u00e3o da m\u00e3o de obra no Polo Petroqu\u00edmico de Cama\u00e7ari \u00e9 antigo. N\u00e3o \u00e9 de agora que o Sindticcc enfrenta o descaso da Braskem e de algumas terceirizadas, que agem refor\u00e7ando a rela\u00e7\u00e3o entre terceiriza\u00e7\u00e3o e precariza\u00e7\u00e3o das condi\u00e7\u00f5es de trabalho. Em toda a sua trajet\u00f3ria, o Sindticcc destacou-se pela defesa intransigente da lei trabalhista e dos direitos de sua base, sempre na linha de frente da luta sindical.<br \/>\nNeste momento, a luta \u00e9 contra os abusos da empresa NPE, contratada da Braskem, que burla direitos do trabalhador aplicando indiscriminadamente a modalidade de CONTRATO POR PRAZO DETERMINADO, em situa\u00e7\u00f5es que n\u00e3o se ajustam ao que estabelece o \u00a72 do artigo 443 da CLT.<br \/>\nPara se contrapor a essa e outras ilegalidades, os trabalhadores aprovaram em assembleia uma GREVE a partir do dia 24\/02, segunda-feira. O sindicato est\u00e1 empenhado para cumprir a decis\u00e3o da categoria e organizar o movimento, respeitando os tr\u00e2mites legais de publica\u00e7\u00e3o e convoca\u00e7\u00e3o da paralisa\u00e7\u00e3o. A partir de agora, vamos fortalecer a mobiliza\u00e7\u00e3o para fazer valer nossos direitos. Juntos somos mais fortes. S\u00f3 conquista quem luta!<br \/>\n<a href=\"https:\/\/sindticccba.org.br\/wp-content\/uploads\/2025\/02\/aa244190-4a8e-4916-82a1-594f090bec85.jpg\"><img loading=\"lazy\" decoding=\"async\" src=\"https:\/\/sindticccba.org.br\/wp-content\/uploads\/2025\/02\/aa244190-4a8e-4916-82a1-594f090bec85-1024x768.jpg\" alt=\"\" width=\"696\" height=\"522\" class=\"alignnone size-large wp-image-2399\" srcset=\"https:\/\/sindticccba.org.br\/wp-content\/uploads\/2025\/02\/aa244190-4a8e-4916-82a1-594f090bec85-1024x768.jpg 1024w, https:\/\/sindticccba.org.br\/wp-content\/uploads\/2025\/02\/aa244190-4a8e-4916-82a1-594f090bec85-300x225.jpg 300w, https:\/\/sindticccba.org.br\/wp-content\/uploads\/2025\/02\/aa244190-4a8e-4916-82a1-594f090bec85-768x576.jpg 768w, https:\/\/sindticccba.org.br\/wp-content\/uploads\/2025\/02\/aa244190-4a8e-4916-82a1-594f090bec85-1536x1152.jpg 1536w, https:\/\/sindticccba.org.br\/wp-content\/uploads\/2025\/02\/aa244190-4a8e-4916-82a1-594f090bec85-696x522.jpg 696w, https:\/\/sindticccba.org.br\/wp-content\/uploads\/2025\/02\/aa244190-4a8e-4916-82a1-594f090bec85-1068x801.jpg 1068w, https:\/\/sindticccba.org.br\/wp-content\/uploads\/2025\/02\/aa244190-4a8e-4916-82a1-594f090bec85-265x198.jpg 265w, https:\/\/sindticccba.org.br\/wp-content\/uploads\/2025\/02\/aa244190-4a8e-4916-82a1-594f090bec85.jpg 1600w\" sizes=\"auto, (max-width: 696px) 100vw, 696px\" \/><\/a><br \/>\n<a href=\"https:\/\/sindticccba.org.br\/wp-content\/uploads\/2025\/02\/650a5e9b-4c4a-449b-ba2f-37d790cccb52.jpg\"><img loading=\"lazy\" decoding=\"async\" src=\"https:\/\/sindticccba.org.br\/wp-content\/uploads\/2025\/02\/650a5e9b-4c4a-449b-ba2f-37d790cccb52-768x1024.jpg\" alt=\"\" width=\"696\" height=\"928\" class=\"alignnone size-large wp-image-2404\" srcset=\"https:\/\/sindticccba.org.br\/wp-content\/uploads\/2025\/02\/650a5e9b-4c4a-449b-ba2f-37d790cccb52-768x1024.jpg 768w, https:\/\/sindticccba.org.br\/wp-content\/uploads\/2025\/02\/650a5e9b-4c4a-449b-ba2f-37d790cccb52-225x300.jpg 225w, https:\/\/sindticccba.org.br\/wp-content\/uploads\/2025\/02\/650a5e9b-4c4a-449b-ba2f-37d790cccb52-696x928.jpg 696w, https:\/\/sindticccba.org.br\/wp-content\/uploads\/2025\/02\/650a5e9b-4c4a-449b-ba2f-37d790cccb52.jpg 960w\" sizes=\"auto, (max-width: 696px) 100vw, 696px\" \/><\/a><\/p>\n","protected":false},"excerpt":{"rendered":"<p>O processo de precariza\u00e7\u00e3o da m\u00e3o de obra no Polo Petroqu\u00edmico de Cama\u00e7ari \u00e9 antigo. N\u00e3o \u00e9 de agora que o Sindticcc enfrenta o descaso da Braskem e de algumas terceirizadas, que agem refor\u00e7ando a rela\u00e7\u00e3o entre terceiriza\u00e7\u00e3o e precariza\u00e7\u00e3o das condi\u00e7\u00f5es de trabalho. Em toda a sua trajet\u00f3ria, o Sindticcc destacou-se pela defesa intransigente [&hellip;]<\/p>\n","protected":false},"author":4,"featured_media":2399,"comment_status":"closed","ping_status":"closed","sticky":false,"template":"","format":"standard","meta":{"footnotes":""},"categories":[1],"tags":[],"class_list":{"0":"post-2398","1":"post","2":"type-post","3":"status-publish","4":"format-standard","5":"has-post-thumbnail","7":"category-noticias"},"_links":{"self":[{"href":"https:\/\/sindticccba.org.br\/index.php\/wp-json\/wp\/v2\/posts\/2398","targetHints":{"allow":["GET"]}}],"collection":[{"href":"https:\/\/sindticccba.org.br\/index.php\/wp-json\/wp\/v2\/posts"}],"about":[{"href":"https:\/\/sindticccba.org.br\/index.php\/wp-json\/wp\/v2\/types\/post"}],"author":[{"embeddable":true,"href":"https:\/\/sindticccba.org.br\/index.php\/wp-json\/wp\/v2\/users\/4"}],"replies":[{"embeddable":true,"href":"https:\/\/sindticccba.org.br\/index.php\/wp-json\/wp\/v2\/comments?post=2398"}],"version-history":[{"count":3,"href":"https:\/\/sindticccba.org.br\/index.php\/wp-json\/wp\/v2\/posts\/2398\/revisions"}],"predecessor-version":[{"id":2406,"href":"https:\/\/sindticccba.org.br\/index.php\/wp-json\/wp\/v2\/posts\/2398\/revisions\/2406"}],"wp:featuredmedia":[{"embeddable":true,"href":"https:\/\/sindticccba.org.br\/index.php\/wp-json\/wp\/v2\/media\/2399"}],"wp:attachment":[{"href":"https:\/\/sindticccba.org.br\/index.php\/wp-json\/wp\/v2\/media?parent=2398"}],"wp:term":[{"taxonomy":"category","embeddable":true,"href":"https:\/\/sindticccba.org.br\/index.php\/wp-json\/wp\/v2\/categories?post=2398"},{"taxonomy":"post_tag","embeddable":true,"href":"https:\/\/sindticccba.org.br\/index.php\/wp-json\/wp\/v2\/tags?post=2398"}],"curies":[{"name":"wp","href":"https:\/\/api.w.org\/{rel}","templated":true}]}}