{"id":2389,"date":"2025-02-18T12:23:06","date_gmt":"2025-02-18T15:23:06","guid":{"rendered":"https:\/\/sindticccba.org.br\/?p=2389"},"modified":"2025-02-18T12:23:54","modified_gmt":"2025-02-18T15:23:54","slug":"mobilizacao-na-npe-trabalhadores-aprovam-convocacao-de-greve","status":"publish","type":"post","link":"https:\/\/sindticccba.org.br\/index.php\/2025\/02\/18\/mobilizacao-na-npe-trabalhadores-aprovam-convocacao-de-greve\/","title":{"rendered":"Mobiliza\u00e7\u00e3o na NPE: TRABALHADORES APROVAM CONVOCA\u00c7\u00c3O DE GREVE"},"content":{"rendered":"<p>A ter\u00e7a-feira come\u00e7ou com mobiliza\u00e7\u00e3o na empresa NPE, em Cama\u00e7ari. Hoje cedo o Sindticcc realizou assembleia com os trabalhadores para discutir irregularidades nos contratos da NPE, e a pe\u00e3ozada autorizou o sindicato a publicar edital de convoca\u00e7\u00e3o de greve, para fazer valer os direitos da categoria. Vamos dar continuidade a essa luta at\u00e9 a vit\u00f3ria final. Tamo junto, companheiros!<\/p>\n<p><a href=\"https:\/\/sindticccba.org.br\/wp-content\/uploads\/2025\/02\/a5fed839-3f9f-4823-a301-44239054efd7.jpg\"><img loading=\"lazy\" decoding=\"async\" src=\"https:\/\/sindticccba.org.br\/wp-content\/uploads\/2025\/02\/a5fed839-3f9f-4823-a301-44239054efd7-1024x752.jpg\" alt=\"\" width=\"696\" height=\"511\" class=\"alignnone size-large wp-image-2390\" srcset=\"https:\/\/sindticccba.org.br\/wp-content\/uploads\/2025\/02\/a5fed839-3f9f-4823-a301-44239054efd7-1024x752.jpg 1024w, https:\/\/sindticccba.org.br\/wp-content\/uploads\/2025\/02\/a5fed839-3f9f-4823-a301-44239054efd7-300x220.jpg 300w, https:\/\/sindticccba.org.br\/wp-content\/uploads\/2025\/02\/a5fed839-3f9f-4823-a301-44239054efd7-768x564.jpg 768w, https:\/\/sindticccba.org.br\/wp-content\/uploads\/2025\/02\/a5fed839-3f9f-4823-a301-44239054efd7-696x511.jpg 696w, https:\/\/sindticccba.org.br\/wp-content\/uploads\/2025\/02\/a5fed839-3f9f-4823-a301-44239054efd7-1068x784.jpg 1068w, https:\/\/sindticccba.org.br\/wp-content\/uploads\/2025\/02\/a5fed839-3f9f-4823-a301-44239054efd7.jpg 1280w\" sizes=\"auto, (max-width: 696px) 100vw, 696px\" \/><\/a><\/p>\n","protected":false},"excerpt":{"rendered":"<p>A ter\u00e7a-feira come\u00e7ou com mobiliza\u00e7\u00e3o na empresa NPE, em Cama\u00e7ari. Hoje cedo o Sindticcc realizou assembleia com os trabalhadores para discutir irregularidades nos contratos da NPE, e a pe\u00e3ozada autorizou o sindicato a publicar edital de convoca\u00e7\u00e3o de greve, para fazer valer os direitos da categoria. Vamos dar continuidade a essa luta at\u00e9 a vit\u00f3ria [&hellip;]<\/p>\n","protected":false},"author":4,"featured_media":2390,"comment_status":"closed","ping_status":"closed","sticky":false,"template":"","format":"standard","meta":{"footnotes":""},"categories":[1],"tags":[],"class_list":{"0":"post-2389","1":"post","2":"type-post","3":"status-publish","4":"format-standard","5":"has-post-thumbnail","7":"category-noticias"},"_links":{"self":[{"href":"https:\/\/sindticccba.org.br\/index.php\/wp-json\/wp\/v2\/posts\/2389","targetHints":{"allow":["GET"]}}],"collection":[{"href":"https:\/\/sindticccba.org.br\/index.php\/wp-json\/wp\/v2\/posts"}],"about":[{"href":"https:\/\/sindticccba.org.br\/index.php\/wp-json\/wp\/v2\/types\/post"}],"author":[{"embeddable":true,"href":"https:\/\/sindticccba.org.br\/index.php\/wp-json\/wp\/v2\/users\/4"}],"replies":[{"embeddable":true,"href":"https:\/\/sindticccba.org.br\/index.php\/wp-json\/wp\/v2\/comments?post=2389"}],"version-history":[{"count":1,"href":"https:\/\/sindticccba.org.br\/index.php\/wp-json\/wp\/v2\/posts\/2389\/revisions"}],"predecessor-version":[{"id":2391,"href":"https:\/\/sindticccba.org.br\/index.php\/wp-json\/wp\/v2\/posts\/2389\/revisions\/2391"}],"wp:featuredmedia":[{"embeddable":true,"href":"https:\/\/sindticccba.org.br\/index.php\/wp-json\/wp\/v2\/media\/2390"}],"wp:attachment":[{"href":"https:\/\/sindticccba.org.br\/index.php\/wp-json\/wp\/v2\/media?parent=2389"}],"wp:term":[{"taxonomy":"category","embeddable":true,"href":"https:\/\/sindticccba.org.br\/index.php\/wp-json\/wp\/v2\/categories?post=2389"},{"taxonomy":"post_tag","embeddable":true,"href":"https:\/\/sindticccba.org.br\/index.php\/wp-json\/wp\/v2\/tags?post=2389"}],"curies":[{"name":"wp","href":"https:\/\/api.w.org\/{rel}","templated":true}]}}