{"id":2366,"date":"2025-02-10T15:14:01","date_gmt":"2025-02-10T18:14:01","guid":{"rendered":"https:\/\/sindticccba.org.br\/?p=2366"},"modified":"2025-02-10T15:16:02","modified_gmt":"2025-02-10T18:16:02","slug":"sindticcc-participa-de-evento-do-minha-casa-minha-vida","status":"publish","type":"post","link":"https:\/\/sindticccba.org.br\/index.php\/2025\/02\/10\/sindticcc-participa-de-evento-do-minha-casa-minha-vida\/","title":{"rendered":"SINDTICCC PARTICIPA DE EVENTO DO MINHA CASA, MINHA VIDA"},"content":{"rendered":"<p>A diretoria do Sindticcc participou do ato de assinatura de obras do MInha Casa, Minha Vida, que aconteceu na manh\u00e3 de hoje,10\/02, no Ponto Certo, em Cama\u00e7ari. Estiveram presentes o ministro das Cidades, Jader Filho, e o prefeito Luiz Caetano, al\u00e9m de autoridades, parlamentares e lideran\u00e7as sindicais.<br \/>\n#SindticccNaPista<\/p>\n<p><div style=\"width: 696px;\" class=\"wp-video\"><video class=\"wp-video-shortcode\" id=\"video-2366-1\" width=\"696\" height=\"1237\" preload=\"metadata\" controls=\"controls\"><source type=\"video\/mp4\" src=\"https:\/\/sindticccba.org.br\/wp-content\/uploads\/2025\/02\/WhatsApp-Video-2025-02-10-at-11.11.26.mp4?_=1\" \/><a href=\"https:\/\/sindticccba.org.br\/wp-content\/uploads\/2025\/02\/WhatsApp-Video-2025-02-10-at-11.11.26.mp4\">https:\/\/sindticccba.org.br\/wp-content\/uploads\/2025\/02\/WhatsApp-Video-2025-02-10-at-11.11.26.mp4<\/a><\/video><\/div><br \/>\n<a href=\"https:\/\/sindticccba.org.br\/wp-content\/uploads\/2025\/02\/736ad415-9283-4290-8861-510e234b952b-scaled.jpg\"><img loading=\"lazy\" decoding=\"async\" src=\"https:\/\/sindticccba.org.br\/wp-content\/uploads\/2025\/02\/736ad415-9283-4290-8861-510e234b952b-768x1024.jpg\" alt=\"\" width=\"696\" height=\"928\" class=\"alignnone size-large wp-image-2368\" srcset=\"https:\/\/sindticccba.org.br\/wp-content\/uploads\/2025\/02\/736ad415-9283-4290-8861-510e234b952b-768x1024.jpg 768w, https:\/\/sindticccba.org.br\/wp-content\/uploads\/2025\/02\/736ad415-9283-4290-8861-510e234b952b-225x300.jpg 225w, https:\/\/sindticccba.org.br\/wp-content\/uploads\/2025\/02\/736ad415-9283-4290-8861-510e234b952b-1152x1536.jpg 1152w, https:\/\/sindticccba.org.br\/wp-content\/uploads\/2025\/02\/736ad415-9283-4290-8861-510e234b952b-1536x2048.jpg 1536w, https:\/\/sindticccba.org.br\/wp-content\/uploads\/2025\/02\/736ad415-9283-4290-8861-510e234b952b-696x928.jpg 696w, https:\/\/sindticccba.org.br\/wp-content\/uploads\/2025\/02\/736ad415-9283-4290-8861-510e234b952b-1068x1424.jpg 1068w, https:\/\/sindticccba.org.br\/wp-content\/uploads\/2025\/02\/736ad415-9283-4290-8861-510e234b952b-scaled.jpg 1920w\" sizes=\"auto, (max-width: 696px) 100vw, 696px\" \/><\/a><br \/>\n<a href=\"https:\/\/sindticccba.org.br\/wp-content\/uploads\/2025\/02\/93076344-1c1d-48ff-9fe8-d490ab54ad16-scaled.jpg\"><img loading=\"lazy\" decoding=\"async\" src=\"https:\/\/sindticccba.org.br\/wp-content\/uploads\/2025\/02\/93076344-1c1d-48ff-9fe8-d490ab54ad16-768x1024.jpg\" alt=\"\" width=\"696\" height=\"928\" class=\"alignnone size-large wp-image-2369\" srcset=\"https:\/\/sindticccba.org.br\/wp-content\/uploads\/2025\/02\/93076344-1c1d-48ff-9fe8-d490ab54ad16-768x1024.jpg 768w, https:\/\/sindticccba.org.br\/wp-content\/uploads\/2025\/02\/93076344-1c1d-48ff-9fe8-d490ab54ad16-225x300.jpg 225w, https:\/\/sindticccba.org.br\/wp-content\/uploads\/2025\/02\/93076344-1c1d-48ff-9fe8-d490ab54ad16-1152x1536.jpg 1152w, https:\/\/sindticccba.org.br\/wp-content\/uploads\/2025\/02\/93076344-1c1d-48ff-9fe8-d490ab54ad16-1536x2048.jpg 1536w, https:\/\/sindticccba.org.br\/wp-content\/uploads\/2025\/02\/93076344-1c1d-48ff-9fe8-d490ab54ad16-696x928.jpg 696w, https:\/\/sindticccba.org.br\/wp-content\/uploads\/2025\/02\/93076344-1c1d-48ff-9fe8-d490ab54ad16-1068x1424.jpg 1068w, https:\/\/sindticccba.org.br\/wp-content\/uploads\/2025\/02\/93076344-1c1d-48ff-9fe8-d490ab54ad16-scaled.jpg 1920w\" sizes=\"auto, (max-width: 696px) 100vw, 696px\" \/><\/a><\/p>\n","protected":false},"excerpt":{"rendered":"<p>A diretoria do Sindticcc participou do ato de assinatura de obras do MInha Casa, Minha Vida, que aconteceu na manh\u00e3 de hoje,10\/02, no Ponto Certo, em Cama\u00e7ari. Estiveram presentes o ministro das Cidades, Jader Filho, e o prefeito Luiz Caetano, al\u00e9m de autoridades, parlamentares e lideran\u00e7as sindicais. #SindticccNaPista<\/p>\n","protected":false},"author":4,"featured_media":2369,"comment_status":"closed","ping_status":"closed","sticky":false,"template":"","format":"standard","meta":{"footnotes":""},"categories":[1],"tags":[],"class_list":{"0":"post-2366","1":"post","2":"type-post","3":"status-publish","4":"format-standard","5":"has-post-thumbnail","7":"category-noticias"},"_links":{"self":[{"href":"https:\/\/sindticccba.org.br\/index.php\/wp-json\/wp\/v2\/posts\/2366","targetHints":{"allow":["GET"]}}],"collection":[{"href":"https:\/\/sindticccba.org.br\/index.php\/wp-json\/wp\/v2\/posts"}],"about":[{"href":"https:\/\/sindticccba.org.br\/index.php\/wp-json\/wp\/v2\/types\/post"}],"author":[{"embeddable":true,"href":"https:\/\/sindticccba.org.br\/index.php\/wp-json\/wp\/v2\/users\/4"}],"replies":[{"embeddable":true,"href":"https:\/\/sindticccba.org.br\/index.php\/wp-json\/wp\/v2\/comments?post=2366"}],"version-history":[{"count":2,"href":"https:\/\/sindticccba.org.br\/index.php\/wp-json\/wp\/v2\/posts\/2366\/revisions"}],"predecessor-version":[{"id":2371,"href":"https:\/\/sindticccba.org.br\/index.php\/wp-json\/wp\/v2\/posts\/2366\/revisions\/2371"}],"wp:featuredmedia":[{"embeddable":true,"href":"https:\/\/sindticccba.org.br\/index.php\/wp-json\/wp\/v2\/media\/2369"}],"wp:attachment":[{"href":"https:\/\/sindticccba.org.br\/index.php\/wp-json\/wp\/v2\/media?parent=2366"}],"wp:term":[{"taxonomy":"category","embeddable":true,"href":"https:\/\/sindticccba.org.br\/index.php\/wp-json\/wp\/v2\/categories?post=2366"},{"taxonomy":"post_tag","embeddable":true,"href":"https:\/\/sindticccba.org.br\/index.php\/wp-json\/wp\/v2\/tags?post=2366"}],"curies":[{"name":"wp","href":"https:\/\/api.w.org\/{rel}","templated":true}]}}