{"id":2341,"date":"2025-01-30T10:42:56","date_gmt":"2025-01-30T13:42:56","guid":{"rendered":"https:\/\/sindticccba.org.br\/?p=2341"},"modified":"2025-01-30T10:42:56","modified_gmt":"2025-01-30T13:42:56","slug":"convite-especial-janeiro-branco","status":"publish","type":"post","link":"https:\/\/sindticccba.org.br\/index.php\/2025\/01\/30\/convite-especial-janeiro-branco\/","title":{"rendered":"CONVITE ESPECIAL &#8211; JANEIRO BRANCO"},"content":{"rendered":"<p>Na pr\u00f3xima sexta-feira, dia 31, realizaremos um evento especial para marcar o encerramento do m\u00eas de janeiro e da campanha Janeiro Branco.<br \/>\nA programa\u00e7\u00e3o ser\u00e1 voltada \u00e0 integra\u00e7\u00e3o entre esporte e sa\u00fade mental, com palestras de profissionais renomados dessas \u00e1reas em nossa cidade.<br \/>\nNosso objetivo \u00e9 destacar a import\u00e2ncia da pr\u00e1tica esportiva para o bem-estar mental, evidenciando seus benef\u00edcios para a qualidade de vida.<br \/>\nParticipe dessa experi\u00eancia \u00fanica de aprendizado e reflex\u00e3o sobre como cuidar do corpo e da mente de forma integrada!<\/p>\n<p><a href=\"https:\/\/sindticccba.org.br\/wp-content\/uploads\/2025\/01\/Convite.jpg\"><img loading=\"lazy\" decoding=\"async\" src=\"https:\/\/sindticccba.org.br\/wp-content\/uploads\/2025\/01\/Convite-819x1024.jpg\" alt=\"\" width=\"696\" height=\"870\" class=\"alignnone size-large wp-image-2342\" srcset=\"https:\/\/sindticccba.org.br\/wp-content\/uploads\/2025\/01\/Convite-819x1024.jpg 819w, https:\/\/sindticccba.org.br\/wp-content\/uploads\/2025\/01\/Convite-240x300.jpg 240w, https:\/\/sindticccba.org.br\/wp-content\/uploads\/2025\/01\/Convite-768x960.jpg 768w, https:\/\/sindticccba.org.br\/wp-content\/uploads\/2025\/01\/Convite-696x870.jpg 696w, https:\/\/sindticccba.org.br\/wp-content\/uploads\/2025\/01\/Convite-1068x1335.jpg 1068w, https:\/\/sindticccba.org.br\/wp-content\/uploads\/2025\/01\/Convite.jpg 1080w\" sizes=\"auto, (max-width: 696px) 100vw, 696px\" \/><\/a><\/p>\n","protected":false},"excerpt":{"rendered":"<p>Na pr\u00f3xima sexta-feira, dia 31, realizaremos um evento especial para marcar o encerramento do m\u00eas de janeiro e da campanha Janeiro Branco. A programa\u00e7\u00e3o ser\u00e1 voltada \u00e0 integra\u00e7\u00e3o entre esporte e sa\u00fade mental, com palestras de profissionais renomados dessas \u00e1reas em nossa cidade. Nosso objetivo \u00e9 destacar a import\u00e2ncia da pr\u00e1tica esportiva para o bem-estar [&hellip;]<\/p>\n","protected":false},"author":4,"featured_media":2342,"comment_status":"closed","ping_status":"closed","sticky":false,"template":"","format":"standard","meta":{"footnotes":""},"categories":[1],"tags":[],"class_list":{"0":"post-2341","1":"post","2":"type-post","3":"status-publish","4":"format-standard","5":"has-post-thumbnail","7":"category-noticias"},"_links":{"self":[{"href":"https:\/\/sindticccba.org.br\/index.php\/wp-json\/wp\/v2\/posts\/2341","targetHints":{"allow":["GET"]}}],"collection":[{"href":"https:\/\/sindticccba.org.br\/index.php\/wp-json\/wp\/v2\/posts"}],"about":[{"href":"https:\/\/sindticccba.org.br\/index.php\/wp-json\/wp\/v2\/types\/post"}],"author":[{"embeddable":true,"href":"https:\/\/sindticccba.org.br\/index.php\/wp-json\/wp\/v2\/users\/4"}],"replies":[{"embeddable":true,"href":"https:\/\/sindticccba.org.br\/index.php\/wp-json\/wp\/v2\/comments?post=2341"}],"version-history":[{"count":1,"href":"https:\/\/sindticccba.org.br\/index.php\/wp-json\/wp\/v2\/posts\/2341\/revisions"}],"predecessor-version":[{"id":2343,"href":"https:\/\/sindticccba.org.br\/index.php\/wp-json\/wp\/v2\/posts\/2341\/revisions\/2343"}],"wp:featuredmedia":[{"embeddable":true,"href":"https:\/\/sindticccba.org.br\/index.php\/wp-json\/wp\/v2\/media\/2342"}],"wp:attachment":[{"href":"https:\/\/sindticccba.org.br\/index.php\/wp-json\/wp\/v2\/media?parent=2341"}],"wp:term":[{"taxonomy":"category","embeddable":true,"href":"https:\/\/sindticccba.org.br\/index.php\/wp-json\/wp\/v2\/categories?post=2341"},{"taxonomy":"post_tag","embeddable":true,"href":"https:\/\/sindticccba.org.br\/index.php\/wp-json\/wp\/v2\/tags?post=2341"}],"curies":[{"name":"wp","href":"https:\/\/api.w.org\/{rel}","templated":true}]}}