{"id":2338,"date":"2025-01-29T20:05:58","date_gmt":"2025-01-29T23:05:58","guid":{"rendered":"https:\/\/sindticccba.org.br\/?p=2338"},"modified":"2025-01-29T20:05:58","modified_gmt":"2025-01-29T23:05:58","slug":"novo-aumento-dos-juros-vai-inflar-a-divida-bruta-em-r-50-bi-e-causar-desemprego","status":"publish","type":"post","link":"https:\/\/sindticccba.org.br\/index.php\/2025\/01\/29\/novo-aumento-dos-juros-vai-inflar-a-divida-bruta-em-r-50-bi-e-causar-desemprego\/","title":{"rendered":"Novo aumento dos juros vai inflar a d\u00edvida bruta em R$ 50 bi e causar desemprego"},"content":{"rendered":"<p>A CUT defende e considera essencial combater o aumento dos pre\u00e7os; entretanto, apenas parte da eleva\u00e7\u00e3o dos pre\u00e7os tem a ver com o crescimento da demanda<\/p>\n<p><a href=\"https:\/\/sindticccba.org.br\/wp-content\/uploads\/2025\/01\/CUT2.png\"><img loading=\"lazy\" decoding=\"async\" src=\"https:\/\/sindticccba.org.br\/wp-content\/uploads\/2025\/01\/CUT2.png\" alt=\"\" width=\"700\" height=\"460\" class=\"alignnone size-full wp-image-2339\" srcset=\"https:\/\/sindticccba.org.br\/wp-content\/uploads\/2025\/01\/CUT2.png 700w, https:\/\/sindticccba.org.br\/wp-content\/uploads\/2025\/01\/CUT2-300x197.png 300w, https:\/\/sindticccba.org.br\/wp-content\/uploads\/2025\/01\/CUT2-696x457.png 696w\" sizes=\"auto, (max-width: 700px) 100vw, 700px\" \/><\/a><\/p>\n<p>A Central \u00danica dos Trabalhadores (CUT) condena veementemente a decis\u00e3o do Comit\u00ea de Pol\u00edtica Monet\u00e1ria (Copom) do Banco Central (BC) de aumentar mais uma vez a taxa b\u00e1sica de juros (taxa Selic) dos atuais 12,25% para 13,25% ao ano. N\u00e3o h\u00e1 outra palavra para caracterizar mais este absurdo do que frustra\u00e7\u00e3o, pois esper\u00e1vamos que sob o comando de Gabriel Gal\u00edpolo houvesse uma revers\u00e3o neste processo.<\/p>\n<p>Desde o final de dezembro que rentistas, agiotas e seus asseclas no parlamento e nos meios de comunica\u00e7\u00e3o pressionam por aumentos sucessivos da taxa Selic. E o fazem em interesse pr\u00f3prio. Falam da infla\u00e7\u00e3o dos pre\u00e7os de bens e servi\u00e7os, mas nenhuma palavra \u00e9 dita sobre a infla\u00e7\u00e3o da d\u00edvida bruta do Brasil, que dever\u00e1 aumentar em torno de R$ 50 bilh\u00f5es, consumindo mais de dois ter\u00e7os das economias feitas com os cortes nas despesas feitas pelo governo com seu pacote fiscal.<\/p>\n<p>A CUT defende e considera essencial combater o aumento dos pre\u00e7os; entretanto, apenas parte da eleva\u00e7\u00e3o dos pre\u00e7os tem a ver com o crescimento da demanda. Mais gente est\u00e1 comprando porque houve um crescimento do emprego e das oportunidades de trabalho. Os programas sociais retornaram o que tem possibilitado a um n\u00famero maior de fam\u00edlias se inserir no mercado de consumo, especialmente de alimentos e bens de primeira necessidade.<\/p>\n<p>A maior parte da infla\u00e7\u00e3o tem origem em outros fatores, t\u00e3o ou mais relevantes, como a omiss\u00e3o ou fraca atua\u00e7\u00e3o do Banco Central no controle do c\u00e2mbio. A desvaloriza\u00e7\u00e3o do real gera infla\u00e7\u00e3o, pois os produtores e comerciantes compensam suas perdas aumentando os pre\u00e7os.  Aumentar ainda mais os juros prejudica o Governo, que vai gastar mais com os juros de sua d\u00edvida aumentada, e prejudica o pa\u00eds e a classe trabalhadora, que sofrer\u00e1 com menor crescimento e mais desemprego.<\/p>\n<p>Aumentar a taxa Selic significa conter o crescimento econ\u00f4mico e a gera\u00e7\u00e3o de emprego e renda, que tem crescido desde que Luiz In\u00e1cio Lula da Silva retornou \u00e0 Presid\u00eancia da Rep\u00fablica. As insistentes declara\u00e7\u00f5es do Presidente Lula pela redu\u00e7\u00e3o da taxa b\u00e1sica de juros, uma das mais altas do mundo, sempre contaram com o imediato apoio da CUT por ser um posicionamento importante para os interesses da classe trabalhadora. Era grande nossa esperan\u00e7a de que a designa\u00e7\u00e3o de Gal\u00edpolo para o BC pusesse um fim aos aumentos da taxa b\u00e1sica de juros. Este novo aumento da taxa Selic vai aumentar as despesas do governo com os juros da d\u00edvida, vai consumir as economias do pacote fiscal e novas press\u00f5es por mais reformas v\u00e3o ganhar for\u00e7a este ano.<\/p>\n<p>A reconstru\u00e7\u00e3o do Brasil, gerando empregos, trabalho e renda n\u00e3o pode se submeter a interesses de banqueiros, especuladores e agiotas, os maiores favorecidos por mais este revoltante aumento da taxa Selic. Reafirmamos a necessidade de interromper medidas de favorecimento aos rentistas que prejudicam a reconstru\u00e7\u00e3o do Brasil; a necessidade de iniciativas que reduzam e controlem os pre\u00e7os, que aumentem a produ\u00e7\u00e3o e reduzam as taxas de juros. Seguindo esse compromisso hist\u00f3rico, a CUT e suas entidades filiadas seguir\u00e3o vigilantes e atuantes na luta pela redu\u00e7\u00e3o da taxa b\u00e1sica de juros para que o povo brasileiro tenha trabalho decente e comida no prato.<\/p>\n<p>Se \u00e9 importante para a economia do pa\u00eds, \u00e9 uma luta da CUT.<\/p>\n<p>29 de janeiro de 2025.<\/p>\n<p>Dire\u00e7\u00e3o Executiva Nacional da CUT<\/p>\n","protected":false},"excerpt":{"rendered":"<p>A CUT defende e considera essencial combater o aumento dos pre\u00e7os; entretanto, apenas parte da eleva\u00e7\u00e3o dos pre\u00e7os tem a ver com o crescimento da demanda A Central \u00danica dos Trabalhadores (CUT) condena veementemente a decis\u00e3o do Comit\u00ea de Pol\u00edtica Monet\u00e1ria (Copom) do Banco Central (BC) de aumentar mais uma vez a taxa b\u00e1sica de [&hellip;]<\/p>\n","protected":false},"author":4,"featured_media":2339,"comment_status":"closed","ping_status":"closed","sticky":false,"template":"","format":"standard","meta":{"footnotes":""},"categories":[1],"tags":[],"class_list":{"0":"post-2338","1":"post","2":"type-post","3":"status-publish","4":"format-standard","5":"has-post-thumbnail","7":"category-noticias"},"_links":{"self":[{"href":"https:\/\/sindticccba.org.br\/index.php\/wp-json\/wp\/v2\/posts\/2338","targetHints":{"allow":["GET"]}}],"collection":[{"href":"https:\/\/sindticccba.org.br\/index.php\/wp-json\/wp\/v2\/posts"}],"about":[{"href":"https:\/\/sindticccba.org.br\/index.php\/wp-json\/wp\/v2\/types\/post"}],"author":[{"embeddable":true,"href":"https:\/\/sindticccba.org.br\/index.php\/wp-json\/wp\/v2\/users\/4"}],"replies":[{"embeddable":true,"href":"https:\/\/sindticccba.org.br\/index.php\/wp-json\/wp\/v2\/comments?post=2338"}],"version-history":[{"count":1,"href":"https:\/\/sindticccba.org.br\/index.php\/wp-json\/wp\/v2\/posts\/2338\/revisions"}],"predecessor-version":[{"id":2340,"href":"https:\/\/sindticccba.org.br\/index.php\/wp-json\/wp\/v2\/posts\/2338\/revisions\/2340"}],"wp:featuredmedia":[{"embeddable":true,"href":"https:\/\/sindticccba.org.br\/index.php\/wp-json\/wp\/v2\/media\/2339"}],"wp:attachment":[{"href":"https:\/\/sindticccba.org.br\/index.php\/wp-json\/wp\/v2\/media?parent=2338"}],"wp:term":[{"taxonomy":"category","embeddable":true,"href":"https:\/\/sindticccba.org.br\/index.php\/wp-json\/wp\/v2\/categories?post=2338"},{"taxonomy":"post_tag","embeddable":true,"href":"https:\/\/sindticccba.org.br\/index.php\/wp-json\/wp\/v2\/tags?post=2338"}],"curies":[{"name":"wp","href":"https:\/\/api.w.org\/{rel}","templated":true}]}}