{"id":2328,"date":"2025-01-27T15:28:44","date_gmt":"2025-01-27T18:28:44","guid":{"rendered":"https:\/\/sindticccba.org.br\/?p=2328"},"modified":"2025-01-27T15:28:44","modified_gmt":"2025-01-27T18:28:44","slug":"mec-divulga-resultado-do-sisu","status":"publish","type":"post","link":"https:\/\/sindticccba.org.br\/index.php\/2025\/01\/27\/mec-divulga-resultado-do-sisu\/","title":{"rendered":"MEC divulga resultado do Sisu"},"content":{"rendered":"<figure id=\"attachment_2329\" aria-describedby=\"caption-attachment-2329\" style=\"width: 300px\" class=\"wp-caption alignleft\"><img loading=\"lazy\" decoding=\"async\" class=\"size-medium wp-image-2329\" src=\"https:\/\/sindticccba.org.br\/wp-content\/uploads\/2025\/01\/Sisu-300x143.jpg\" alt=\"\" width=\"300\" height=\"143\" srcset=\"https:\/\/sindticccba.org.br\/wp-content\/uploads\/2025\/01\/Sisu-300x143.jpg 300w, https:\/\/sindticccba.org.br\/wp-content\/uploads\/2025\/01\/Sisu.jpg 480w\" sizes=\"auto, (max-width: 300px) 100vw, 300px\" \/><figcaption id=\"caption-attachment-2329\" class=\"wp-caption-text\">Foto:Pinterest\/Resultado pode ser acessado na p\u00e1gina do programa na internet<\/figcaption><\/figure>\n<p style=\"text-align: justify;\">O Minist\u00e9rio da Educa\u00e7\u00e3o divulgou na manh\u00e3 desta segunda-feira (27), o resultado do Sistema de Sele\u00e7\u00e3o Unificada (Sisu) 2025. Nesta edi\u00e7\u00e3o foram ofertadas 261.779 vagas\u202fpara 6.851 cursos de gradua\u00e7\u00e3o\u202fem\u202f124\u202finstitui\u00e7\u00f5es\u202fp\u00fablicas de ensino superior\u202fdo\u202fpa\u00eds.<\/p>\n<p style=\"text-align: justify;\">O resultado pode ser acessado pela p\u00e1gina do Sisu no Portal \u00danico de Acesso ao Ensino Superior.<\/p>\n<p style=\"text-align: justify;\">Clique no bot\u00e3o \u201cInscreva-se\u201d, em \u201cPer\u00edodo de Inscri\u00e7\u00f5es\u201d, para ingressar no sistema de inscri\u00e7\u00e3o do Sisu. Ap\u00f3s realizar o acesso gov.br na p\u00e1gina de inscri\u00e7\u00e3o do portal, o primeiro passo \u00e9 confirmar seus dados de contato, al\u00e9m de preencher os question\u00e1rios de Perfil Social e de Perfil Econ\u00f4mico referentes \u00e0 Lei de Cotas (Lei n\u00ba 12.711, de 29 de agosto de 2012).<\/p>\n<p style=\"text-align: justify;\">Os classificados na chamada regular poder\u00e3o fazer a matr\u00edcula at\u00e9 31 de janeiro e os n\u00e3o selecionados poder\u00e3o manifestar interesse em participar da lista de espera no per\u00edodo de 26 a 31 de janeiro.<\/p>\n<p style=\"text-align: justify;\">Os candidatos que fizeram a inscri\u00e7\u00e3o no per\u00edodo de 17 a 21 de janeiro foram classificados de acordo com as notas obtidas no Exame Nacional do Ensino M\u00e9dio (Enem), at\u00e9 o limite de vagas dispon\u00edveis para cada curso e modalidade de concorr\u00eancia. S\u00e3o consideradas tamb\u00e9m as escolhas de curso e turno bem como perfil social e econ\u00f4mico.<\/p>\n","protected":false},"excerpt":{"rendered":"<p>O Minist\u00e9rio da Educa\u00e7\u00e3o divulgou na manh\u00e3 desta segunda-feira (27), o resultado do Sistema de Sele\u00e7\u00e3o Unificada (Sisu) 2025. Nesta edi\u00e7\u00e3o foram ofertadas 261.779 vagas\u202fpara 6.851 cursos de gradua\u00e7\u00e3o\u202fem\u202f124\u202finstitui\u00e7\u00f5es\u202fp\u00fablicas de ensino superior\u202fdo\u202fpa\u00eds. O resultado pode ser acessado pela p\u00e1gina do Sisu no Portal \u00danico de Acesso ao Ensino Superior. Clique no bot\u00e3o \u201cInscreva-se\u201d, em \u201cPer\u00edodo [&hellip;]<\/p>\n","protected":false},"author":2,"featured_media":2329,"comment_status":"closed","ping_status":"closed","sticky":false,"template":"","format":"standard","meta":{"footnotes":""},"categories":[1],"tags":[],"class_list":{"0":"post-2328","1":"post","2":"type-post","3":"status-publish","4":"format-standard","5":"has-post-thumbnail","7":"category-noticias"},"_links":{"self":[{"href":"https:\/\/sindticccba.org.br\/index.php\/wp-json\/wp\/v2\/posts\/2328","targetHints":{"allow":["GET"]}}],"collection":[{"href":"https:\/\/sindticccba.org.br\/index.php\/wp-json\/wp\/v2\/posts"}],"about":[{"href":"https:\/\/sindticccba.org.br\/index.php\/wp-json\/wp\/v2\/types\/post"}],"author":[{"embeddable":true,"href":"https:\/\/sindticccba.org.br\/index.php\/wp-json\/wp\/v2\/users\/2"}],"replies":[{"embeddable":true,"href":"https:\/\/sindticccba.org.br\/index.php\/wp-json\/wp\/v2\/comments?post=2328"}],"version-history":[{"count":1,"href":"https:\/\/sindticccba.org.br\/index.php\/wp-json\/wp\/v2\/posts\/2328\/revisions"}],"predecessor-version":[{"id":2330,"href":"https:\/\/sindticccba.org.br\/index.php\/wp-json\/wp\/v2\/posts\/2328\/revisions\/2330"}],"wp:featuredmedia":[{"embeddable":true,"href":"https:\/\/sindticccba.org.br\/index.php\/wp-json\/wp\/v2\/media\/2329"}],"wp:attachment":[{"href":"https:\/\/sindticccba.org.br\/index.php\/wp-json\/wp\/v2\/media?parent=2328"}],"wp:term":[{"taxonomy":"category","embeddable":true,"href":"https:\/\/sindticccba.org.br\/index.php\/wp-json\/wp\/v2\/categories?post=2328"},{"taxonomy":"post_tag","embeddable":true,"href":"https:\/\/sindticccba.org.br\/index.php\/wp-json\/wp\/v2\/tags?post=2328"}],"curies":[{"name":"wp","href":"https:\/\/api.w.org\/{rel}","templated":true}]}}