{"id":2313,"date":"2025-01-22T14:14:23","date_gmt":"2025-01-22T17:14:23","guid":{"rendered":"https:\/\/sindticccba.org.br\/?p=2313"},"modified":"2025-01-22T14:14:23","modified_gmt":"2025-01-22T17:14:23","slug":"sindticcc-mobiliza-trabalhadores-em-obra-da-bdp-horus","status":"publish","type":"post","link":"https:\/\/sindticccba.org.br\/index.php\/2025\/01\/22\/sindticcc-mobiliza-trabalhadores-em-obra-da-bdp-horus\/","title":{"rendered":"SINDTICCC MOBILIZA TRABALHADORES EM OBRA DA BDP\/HORUS"},"content":{"rendered":"<p>A Campanha Salarial 2025 da constru\u00e7\u00e3o civil segue a todo pique. Hoje pela manh\u00e3 o Sindticcc marcou presen\u00e7a numa obra da BDP\/Horus, em Cama\u00e7ari, para conversar e mobilizar os trabalhadores para a nossa jornada de lutas. Passo a passo vamos unindo for\u00e7as rumo a um acordo vitorioso. A Campanha Salarial \u00e9 de toda a categoria, participe!<br \/>\n<a href=\"https:\/\/sindticccba.org.br\/wp-content\/uploads\/2025\/01\/WhatsApp-Image-2025-01-22-at-12.43.20.jpeg\"><img loading=\"lazy\" decoding=\"async\" src=\"https:\/\/sindticccba.org.br\/wp-content\/uploads\/2025\/01\/WhatsApp-Image-2025-01-22-at-12.43.20-1024x770.jpeg\" alt=\"\" width=\"696\" height=\"523\" class=\"alignnone size-large wp-image-2314\" srcset=\"https:\/\/sindticccba.org.br\/wp-content\/uploads\/2025\/01\/WhatsApp-Image-2025-01-22-at-12.43.20-1024x770.jpeg 1024w, https:\/\/sindticccba.org.br\/wp-content\/uploads\/2025\/01\/WhatsApp-Image-2025-01-22-at-12.43.20-300x226.jpeg 300w, https:\/\/sindticccba.org.br\/wp-content\/uploads\/2025\/01\/WhatsApp-Image-2025-01-22-at-12.43.20-768x578.jpeg 768w, https:\/\/sindticccba.org.br\/wp-content\/uploads\/2025\/01\/WhatsApp-Image-2025-01-22-at-12.43.20-696x524.jpeg 696w, https:\/\/sindticccba.org.br\/wp-content\/uploads\/2025\/01\/WhatsApp-Image-2025-01-22-at-12.43.20-1068x804.jpeg 1068w, https:\/\/sindticccba.org.br\/wp-content\/uploads\/2025\/01\/WhatsApp-Image-2025-01-22-at-12.43.20-265x198.jpeg 265w, https:\/\/sindticccba.org.br\/wp-content\/uploads\/2025\/01\/WhatsApp-Image-2025-01-22-at-12.43.20.jpeg 1280w\" sizes=\"auto, (max-width: 696px) 100vw, 696px\" \/><\/a><\/p>\n<p><a href=\"https:\/\/sindticccba.org.br\/wp-content\/uploads\/2025\/01\/WhatsApp-Image-2025-01-22-at-12.43.21-1.jpeg\"><img loading=\"lazy\" decoding=\"async\" src=\"https:\/\/sindticccba.org.br\/wp-content\/uploads\/2025\/01\/WhatsApp-Image-2025-01-22-at-12.43.21-1.jpeg\" alt=\"\" width=\"696\" height=\"490\" class=\"alignnone size-large wp-image-2315\" srcset=\"https:\/\/sindticccba.org.br\/wp-content\/uploads\/2025\/01\/WhatsApp-Image-2025-01-22-at-12.43.21-1.jpeg 963w, https:\/\/sindticccba.org.br\/wp-content\/uploads\/2025\/01\/WhatsApp-Image-2025-01-22-at-12.43.21-1-300x211.jpeg 300w, https:\/\/sindticccba.org.br\/wp-content\/uploads\/2025\/01\/WhatsApp-Image-2025-01-22-at-12.43.21-1-768x541.jpeg 768w, https:\/\/sindticccba.org.br\/wp-content\/uploads\/2025\/01\/WhatsApp-Image-2025-01-22-at-12.43.21-1-696x490.jpeg 696w\" sizes=\"auto, (max-width: 696px) 100vw, 696px\" \/><\/a><a href=\"https:\/\/sindticccba.org.br\/wp-content\/uploads\/2025\/01\/WhatsApp-Image-2025-01-22-at-12.43.21-1.jpeg\"><img loading=\"lazy\" decoding=\"async\" src=\"https:\/\/sindticccba.org.br\/wp-content\/uploads\/2025\/01\/WhatsApp-Image-2025-01-22-at-12.43.21-1.jpeg\" alt=\"\" width=\"963\" height=\"678\" class=\"alignnone size-full wp-image-2315\" srcset=\"https:\/\/sindticccba.org.br\/wp-content\/uploads\/2025\/01\/WhatsApp-Image-2025-01-22-at-12.43.21-1.jpeg 963w, https:\/\/sindticccba.org.br\/wp-content\/uploads\/2025\/01\/WhatsApp-Image-2025-01-22-at-12.43.21-1-300x211.jpeg 300w, https:\/\/sindticccba.org.br\/wp-content\/uploads\/2025\/01\/WhatsApp-Image-2025-01-22-at-12.43.21-1-768x541.jpeg 768w, https:\/\/sindticccba.org.br\/wp-content\/uploads\/2025\/01\/WhatsApp-Image-2025-01-22-at-12.43.21-1-696x490.jpeg 696w\" sizes=\"auto, (max-width: 963px) 100vw, 963px\" \/><\/a><\/p>\n","protected":false},"excerpt":{"rendered":"<p>A Campanha Salarial 2025 da constru\u00e7\u00e3o civil segue a todo pique. Hoje pela manh\u00e3 o Sindticcc marcou presen\u00e7a numa obra da BDP\/Horus, em Cama\u00e7ari, para conversar e mobilizar os trabalhadores para a nossa jornada de lutas. Passo a passo vamos unindo for\u00e7as rumo a um acordo vitorioso. A Campanha Salarial \u00e9 de toda a categoria, [&hellip;]<\/p>\n","protected":false},"author":4,"featured_media":2314,"comment_status":"closed","ping_status":"closed","sticky":false,"template":"","format":"standard","meta":{"footnotes":""},"categories":[1],"tags":[],"class_list":{"0":"post-2313","1":"post","2":"type-post","3":"status-publish","4":"format-standard","5":"has-post-thumbnail","7":"category-noticias"},"_links":{"self":[{"href":"https:\/\/sindticccba.org.br\/index.php\/wp-json\/wp\/v2\/posts\/2313","targetHints":{"allow":["GET"]}}],"collection":[{"href":"https:\/\/sindticccba.org.br\/index.php\/wp-json\/wp\/v2\/posts"}],"about":[{"href":"https:\/\/sindticccba.org.br\/index.php\/wp-json\/wp\/v2\/types\/post"}],"author":[{"embeddable":true,"href":"https:\/\/sindticccba.org.br\/index.php\/wp-json\/wp\/v2\/users\/4"}],"replies":[{"embeddable":true,"href":"https:\/\/sindticccba.org.br\/index.php\/wp-json\/wp\/v2\/comments?post=2313"}],"version-history":[{"count":1,"href":"https:\/\/sindticccba.org.br\/index.php\/wp-json\/wp\/v2\/posts\/2313\/revisions"}],"predecessor-version":[{"id":2316,"href":"https:\/\/sindticccba.org.br\/index.php\/wp-json\/wp\/v2\/posts\/2313\/revisions\/2316"}],"wp:featuredmedia":[{"embeddable":true,"href":"https:\/\/sindticccba.org.br\/index.php\/wp-json\/wp\/v2\/media\/2314"}],"wp:attachment":[{"href":"https:\/\/sindticccba.org.br\/index.php\/wp-json\/wp\/v2\/media?parent=2313"}],"wp:term":[{"taxonomy":"category","embeddable":true,"href":"https:\/\/sindticccba.org.br\/index.php\/wp-json\/wp\/v2\/categories?post=2313"},{"taxonomy":"post_tag","embeddable":true,"href":"https:\/\/sindticccba.org.br\/index.php\/wp-json\/wp\/v2\/tags?post=2313"}],"curies":[{"name":"wp","href":"https:\/\/api.w.org\/{rel}","templated":true}]}}