{"id":2304,"date":"2025-01-21T16:01:43","date_gmt":"2025-01-21T19:01:43","guid":{"rendered":"https:\/\/sindticccba.org.br\/?p=2304"},"modified":"2025-01-21T16:10:24","modified_gmt":"2025-01-21T19:10:24","slug":"campanha-salarial-2025-hoje-foi-dia-de-visita-a-obra-em-lauro-de-freitas","status":"publish","type":"post","link":"https:\/\/sindticccba.org.br\/index.php\/2025\/01\/21\/campanha-salarial-2025-hoje-foi-dia-de-visita-a-obra-em-lauro-de-freitas\/","title":{"rendered":"Campanha Salarial 2025: HOJE FOI DIA DE VISITA A OBRA EM LAURO DE FREITAS"},"content":{"rendered":"<p>Uma mobiliza\u00e7\u00e3o puxa a outra, e o Sindticcc segue na luta dentro da Campanha Salarial da constru\u00e7\u00e3o civil. Hoje bem cedo a diretoria sindical marcou presen\u00e7a em uma obra de condom\u00ednio em Lauro de Freitas, para averiguar a situa\u00e7\u00e3o geral e atualizar os trabalhadores sobre a nossa jornada de lutas.<br \/>\n#SindticccNaPista<br \/>\n#CampanhaSalarial2025<\/p>\n<p><a href=\"https:\/\/sindticccba.org.br\/wp-content\/uploads\/2025\/01\/a5f2c4f4-8447-4254-8eb1-0684df674bd4.jpg\"><img loading=\"lazy\" decoding=\"async\" src=\"https:\/\/sindticccba.org.br\/wp-content\/uploads\/2025\/01\/a5f2c4f4-8447-4254-8eb1-0684df674bd4-768x1024.jpg\" alt=\"\" width=\"696\" height=\"928\" class=\"alignnone size-large wp-image-2311\" srcset=\"https:\/\/sindticccba.org.br\/wp-content\/uploads\/2025\/01\/a5f2c4f4-8447-4254-8eb1-0684df674bd4-768x1024.jpg 768w, https:\/\/sindticccba.org.br\/wp-content\/uploads\/2025\/01\/a5f2c4f4-8447-4254-8eb1-0684df674bd4-225x300.jpg 225w, https:\/\/sindticccba.org.br\/wp-content\/uploads\/2025\/01\/a5f2c4f4-8447-4254-8eb1-0684df674bd4-696x928.jpg 696w, https:\/\/sindticccba.org.br\/wp-content\/uploads\/2025\/01\/a5f2c4f4-8447-4254-8eb1-0684df674bd4.jpg 960w\" sizes=\"auto, (max-width: 696px) 100vw, 696px\" \/><\/a><\/p>\n","protected":false},"excerpt":{"rendered":"<p>Uma mobiliza\u00e7\u00e3o puxa a outra, e o Sindticcc segue na luta dentro da Campanha Salarial da constru\u00e7\u00e3o civil. Hoje bem cedo a diretoria sindical marcou presen\u00e7a em uma obra de condom\u00ednio em Lauro de Freitas, para averiguar a situa\u00e7\u00e3o geral e atualizar os trabalhadores sobre a nossa jornada de lutas. #SindticccNaPista #CampanhaSalarial2025<\/p>\n","protected":false},"author":4,"featured_media":2305,"comment_status":"closed","ping_status":"closed","sticky":false,"template":"","format":"standard","meta":{"footnotes":""},"categories":[1],"tags":[],"class_list":{"0":"post-2304","1":"post","2":"type-post","3":"status-publish","4":"format-standard","5":"has-post-thumbnail","7":"category-noticias"},"_links":{"self":[{"href":"https:\/\/sindticccba.org.br\/index.php\/wp-json\/wp\/v2\/posts\/2304","targetHints":{"allow":["GET"]}}],"collection":[{"href":"https:\/\/sindticccba.org.br\/index.php\/wp-json\/wp\/v2\/posts"}],"about":[{"href":"https:\/\/sindticccba.org.br\/index.php\/wp-json\/wp\/v2\/types\/post"}],"author":[{"embeddable":true,"href":"https:\/\/sindticccba.org.br\/index.php\/wp-json\/wp\/v2\/users\/4"}],"replies":[{"embeddable":true,"href":"https:\/\/sindticccba.org.br\/index.php\/wp-json\/wp\/v2\/comments?post=2304"}],"version-history":[{"count":5,"href":"https:\/\/sindticccba.org.br\/index.php\/wp-json\/wp\/v2\/posts\/2304\/revisions"}],"predecessor-version":[{"id":2312,"href":"https:\/\/sindticccba.org.br\/index.php\/wp-json\/wp\/v2\/posts\/2304\/revisions\/2312"}],"wp:featuredmedia":[{"embeddable":true,"href":"https:\/\/sindticccba.org.br\/index.php\/wp-json\/wp\/v2\/media\/2305"}],"wp:attachment":[{"href":"https:\/\/sindticccba.org.br\/index.php\/wp-json\/wp\/v2\/media?parent=2304"}],"wp:term":[{"taxonomy":"category","embeddable":true,"href":"https:\/\/sindticccba.org.br\/index.php\/wp-json\/wp\/v2\/categories?post=2304"},{"taxonomy":"post_tag","embeddable":true,"href":"https:\/\/sindticccba.org.br\/index.php\/wp-json\/wp\/v2\/tags?post=2304"}],"curies":[{"name":"wp","href":"https:\/\/api.w.org\/{rel}","templated":true}]}}