{"id":2288,"date":"2025-01-17T11:08:22","date_gmt":"2025-01-17T14:08:22","guid":{"rendered":"https:\/\/sindticccba.org.br\/?p=2288"},"modified":"2025-01-17T11:10:39","modified_gmt":"2025-01-17T14:10:39","slug":"dia-de-mobilizacao-em-obra-da-sertenge","status":"publish","type":"post","link":"https:\/\/sindticccba.org.br\/index.php\/2025\/01\/17\/dia-de-mobilizacao-em-obra-da-sertenge\/","title":{"rendered":"DIA DE MOBILIZA\u00c7\u00c3O EM OBRA DA SERTENGE"},"content":{"rendered":"<p>A sexta-feira come\u00e7ou cedo, com mobiliza\u00e7\u00e3o dos trabalhadores da Sertenge numa obra do Minha Casa, Minha Vida em Cama\u00e7ari. O Sindticcc marcou presen\u00e7a passando nformes e chamando a pe\u00e3ozada para fortalecer a nossa campanha salarial. Tamo junto, s\u00f3 conquista quem luta!<\/p>\n<p><a href=\"https:\/\/sindticccba.org.br\/wp-content\/uploads\/2025\/01\/2f2816ff-6eb3-4436-8c8d-52fe1cef0477.jpg\"><img loading=\"lazy\" decoding=\"async\" src=\"https:\/\/sindticccba.org.br\/wp-content\/uploads\/2025\/01\/2f2816ff-6eb3-4436-8c8d-52fe1cef0477-768x1024.jpg\" alt=\"\" width=\"696\" height=\"928\" class=\"alignnone size-large wp-image-2290\" srcset=\"https:\/\/sindticccba.org.br\/wp-content\/uploads\/2025\/01\/2f2816ff-6eb3-4436-8c8d-52fe1cef0477-768x1024.jpg 768w, https:\/\/sindticccba.org.br\/wp-content\/uploads\/2025\/01\/2f2816ff-6eb3-4436-8c8d-52fe1cef0477-225x300.jpg 225w, https:\/\/sindticccba.org.br\/wp-content\/uploads\/2025\/01\/2f2816ff-6eb3-4436-8c8d-52fe1cef0477-696x928.jpg 696w, https:\/\/sindticccba.org.br\/wp-content\/uploads\/2025\/01\/2f2816ff-6eb3-4436-8c8d-52fe1cef0477.jpg 960w\" sizes=\"auto, (max-width: 696px) 100vw, 696px\" \/><\/a><br \/>\n<div style=\"width: 480px;\" class=\"wp-video\"><video class=\"wp-video-shortcode\" id=\"video-2288-1\" width=\"480\" height=\"848\" preload=\"metadata\" controls=\"controls\"><source type=\"video\/mp4\" src=\"https:\/\/sindticccba.org.br\/wp-content\/uploads\/2025\/01\/WhatsApp-Video-2025-01-17-at-09.05.23.mp4?_=1\" \/><a href=\"https:\/\/sindticccba.org.br\/wp-content\/uploads\/2025\/01\/WhatsApp-Video-2025-01-17-at-09.05.23.mp4\">https:\/\/sindticccba.org.br\/wp-content\/uploads\/2025\/01\/WhatsApp-Video-2025-01-17-at-09.05.23.mp4<\/a><\/video><\/div><\/p>\n","protected":false},"excerpt":{"rendered":"<p>A sexta-feira come\u00e7ou cedo, com mobiliza\u00e7\u00e3o dos trabalhadores da Sertenge numa obra do Minha Casa, Minha Vida em Cama\u00e7ari. O Sindticcc marcou presen\u00e7a passando nformes e chamando a pe\u00e3ozada para fortalecer a nossa campanha salarial. Tamo junto, s\u00f3 conquista quem luta!<\/p>\n","protected":false},"author":4,"featured_media":2290,"comment_status":"closed","ping_status":"closed","sticky":false,"template":"","format":"standard","meta":{"footnotes":""},"categories":[1],"tags":[],"class_list":{"0":"post-2288","1":"post","2":"type-post","3":"status-publish","4":"format-standard","5":"has-post-thumbnail","7":"category-noticias"},"_links":{"self":[{"href":"https:\/\/sindticccba.org.br\/index.php\/wp-json\/wp\/v2\/posts\/2288","targetHints":{"allow":["GET"]}}],"collection":[{"href":"https:\/\/sindticccba.org.br\/index.php\/wp-json\/wp\/v2\/posts"}],"about":[{"href":"https:\/\/sindticccba.org.br\/index.php\/wp-json\/wp\/v2\/types\/post"}],"author":[{"embeddable":true,"href":"https:\/\/sindticccba.org.br\/index.php\/wp-json\/wp\/v2\/users\/4"}],"replies":[{"embeddable":true,"href":"https:\/\/sindticccba.org.br\/index.php\/wp-json\/wp\/v2\/comments?post=2288"}],"version-history":[{"count":4,"href":"https:\/\/sindticccba.org.br\/index.php\/wp-json\/wp\/v2\/posts\/2288\/revisions"}],"predecessor-version":[{"id":2295,"href":"https:\/\/sindticccba.org.br\/index.php\/wp-json\/wp\/v2\/posts\/2288\/revisions\/2295"}],"wp:featuredmedia":[{"embeddable":true,"href":"https:\/\/sindticccba.org.br\/index.php\/wp-json\/wp\/v2\/media\/2290"}],"wp:attachment":[{"href":"https:\/\/sindticccba.org.br\/index.php\/wp-json\/wp\/v2\/media?parent=2288"}],"wp:term":[{"taxonomy":"category","embeddable":true,"href":"https:\/\/sindticccba.org.br\/index.php\/wp-json\/wp\/v2\/categories?post=2288"},{"taxonomy":"post_tag","embeddable":true,"href":"https:\/\/sindticccba.org.br\/index.php\/wp-json\/wp\/v2\/tags?post=2288"}],"curies":[{"name":"wp","href":"https:\/\/api.w.org\/{rel}","templated":true}]}}