{"id":2276,"date":"2025-01-14T11:16:11","date_gmt":"2025-01-14T14:16:11","guid":{"rendered":"https:\/\/sindticccba.org.br\/?p=2276"},"modified":"2025-01-14T11:20:59","modified_gmt":"2025-01-14T14:20:59","slug":"assembleia-com-trabalhadores-da-mrv-em-catu-de-abrantes","status":"publish","type":"post","link":"https:\/\/sindticccba.org.br\/index.php\/2025\/01\/14\/assembleia-com-trabalhadores-da-mrv-em-catu-de-abrantes\/","title":{"rendered":"ASSEMBLEIA COM TRABALHADORES DA MRV EM CATU DE ABRANTES"},"content":{"rendered":"<p>O Sindticcc come\u00e7ou a semana com todo g\u00e1s na campanha salarial da categoria da constru\u00e7\u00e3o civil. Hoje, 14\/01, teve assembleia com os trabalhadores da MRV, em Catu de Abrantes, Cama\u00e7ari, para mobilizar a base e passar informes sobre a nossa jornada de lutas. Cada passo ser\u00e1 fundamental nessa caminhada rumo a um acordo coletivo vitorioso para os trabalhadores e trabalhadoras. Vamos juntos, pois s\u00f3 conquista quem luta!<br \/>\n<a href=\"https:\/\/sindticccba.org.br\/wp-content\/uploads\/2025\/01\/WhatsApp-Image-2025-01-14-at-10.03.21.jpeg\"><img loading=\"lazy\" decoding=\"async\" src=\"https:\/\/sindticccba.org.br\/wp-content\/uploads\/2025\/01\/WhatsApp-Image-2025-01-14-at-10.03.21-1024x461.jpeg\" alt=\"\" width=\"696\" height=\"313\" class=\"alignnone size-large wp-image-2279\" srcset=\"https:\/\/sindticccba.org.br\/wp-content\/uploads\/2025\/01\/WhatsApp-Image-2025-01-14-at-10.03.21-1024x461.jpeg 1024w, https:\/\/sindticccba.org.br\/wp-content\/uploads\/2025\/01\/WhatsApp-Image-2025-01-14-at-10.03.21-300x135.jpeg 300w, https:\/\/sindticccba.org.br\/wp-content\/uploads\/2025\/01\/WhatsApp-Image-2025-01-14-at-10.03.21-768x346.jpeg 768w, https:\/\/sindticccba.org.br\/wp-content\/uploads\/2025\/01\/WhatsApp-Image-2025-01-14-at-10.03.21-1536x691.jpeg 1536w, https:\/\/sindticccba.org.br\/wp-content\/uploads\/2025\/01\/WhatsApp-Image-2025-01-14-at-10.03.21-696x313.jpeg 696w, https:\/\/sindticccba.org.br\/wp-content\/uploads\/2025\/01\/WhatsApp-Image-2025-01-14-at-10.03.21-1068x481.jpeg 1068w, https:\/\/sindticccba.org.br\/wp-content\/uploads\/2025\/01\/WhatsApp-Image-2025-01-14-at-10.03.21.jpeg 1600w\" sizes=\"auto, (max-width: 696px) 100vw, 696px\" \/><\/a><a href=\"https:\/\/sindticccba.org.br\/wp-content\/uploads\/2025\/01\/WhatsApp-Image-2025-01-14-at-10.03.19.jpeg\"><img loading=\"lazy\" decoding=\"async\" src=\"https:\/\/sindticccba.org.br\/wp-content\/uploads\/2025\/01\/WhatsApp-Image-2025-01-14-at-10.03.19-1024x461.jpeg\" alt=\"\" width=\"696\" height=\"313\" class=\"alignnone size-large wp-image-2278\" srcset=\"https:\/\/sindticccba.org.br\/wp-content\/uploads\/2025\/01\/WhatsApp-Image-2025-01-14-at-10.03.19-1024x461.jpeg 1024w, https:\/\/sindticccba.org.br\/wp-content\/uploads\/2025\/01\/WhatsApp-Image-2025-01-14-at-10.03.19-300x135.jpeg 300w, https:\/\/sindticccba.org.br\/wp-content\/uploads\/2025\/01\/WhatsApp-Image-2025-01-14-at-10.03.19-768x346.jpeg 768w, https:\/\/sindticccba.org.br\/wp-content\/uploads\/2025\/01\/WhatsApp-Image-2025-01-14-at-10.03.19-1536x692.jpeg 1536w, https:\/\/sindticccba.org.br\/wp-content\/uploads\/2025\/01\/WhatsApp-Image-2025-01-14-at-10.03.19-696x314.jpeg 696w, https:\/\/sindticccba.org.br\/wp-content\/uploads\/2025\/01\/WhatsApp-Image-2025-01-14-at-10.03.19-1068x481.jpeg 1068w, https:\/\/sindticccba.org.br\/wp-content\/uploads\/2025\/01\/WhatsApp-Image-2025-01-14-at-10.03.19.jpeg 1600w\" sizes=\"auto, (max-width: 696px) 100vw, 696px\" \/><\/a><br \/>\n<a href=\"https:\/\/sindticccba.org.br\/wp-content\/uploads\/2025\/01\/WhatsApp-Image-2025-01-14-at-10.03.17.jpeg\"><img loading=\"lazy\" decoding=\"async\" src=\"https:\/\/sindticccba.org.br\/wp-content\/uploads\/2025\/01\/WhatsApp-Image-2025-01-14-at-10.03.17-1024x461.jpeg\" alt=\"\" width=\"696\" height=\"313\" class=\"alignnone size-large wp-image-2277\" srcset=\"https:\/\/sindticccba.org.br\/wp-content\/uploads\/2025\/01\/WhatsApp-Image-2025-01-14-at-10.03.17-1024x461.jpeg 1024w, https:\/\/sindticccba.org.br\/wp-content\/uploads\/2025\/01\/WhatsApp-Image-2025-01-14-at-10.03.17-300x135.jpeg 300w, https:\/\/sindticccba.org.br\/wp-content\/uploads\/2025\/01\/WhatsApp-Image-2025-01-14-at-10.03.17-768x346.jpeg 768w, https:\/\/sindticccba.org.br\/wp-content\/uploads\/2025\/01\/WhatsApp-Image-2025-01-14-at-10.03.17-1536x692.jpeg 1536w, https:\/\/sindticccba.org.br\/wp-content\/uploads\/2025\/01\/WhatsApp-Image-2025-01-14-at-10.03.17-696x314.jpeg 696w, https:\/\/sindticccba.org.br\/wp-content\/uploads\/2025\/01\/WhatsApp-Image-2025-01-14-at-10.03.17-1068x481.jpeg 1068w, https:\/\/sindticccba.org.br\/wp-content\/uploads\/2025\/01\/WhatsApp-Image-2025-01-14-at-10.03.17.jpeg 1600w\" sizes=\"auto, (max-width: 696px) 100vw, 696px\" \/><\/a><\/p>\n","protected":false},"excerpt":{"rendered":"<p>O Sindticcc come\u00e7ou a semana com todo g\u00e1s na campanha salarial da categoria da constru\u00e7\u00e3o civil. Hoje, 14\/01, teve assembleia com os trabalhadores da MRV, em Catu de Abrantes, Cama\u00e7ari, para mobilizar a base e passar informes sobre a nossa jornada de lutas. Cada passo ser\u00e1 fundamental nessa caminhada rumo a um acordo coletivo vitorioso [&hellip;]<\/p>\n","protected":false},"author":4,"featured_media":2284,"comment_status":"closed","ping_status":"closed","sticky":false,"template":"","format":"standard","meta":{"footnotes":""},"categories":[1],"tags":[],"class_list":{"0":"post-2276","1":"post","2":"type-post","3":"status-publish","4":"format-standard","5":"has-post-thumbnail","7":"category-noticias"},"_links":{"self":[{"href":"https:\/\/sindticccba.org.br\/index.php\/wp-json\/wp\/v2\/posts\/2276","targetHints":{"allow":["GET"]}}],"collection":[{"href":"https:\/\/sindticccba.org.br\/index.php\/wp-json\/wp\/v2\/posts"}],"about":[{"href":"https:\/\/sindticccba.org.br\/index.php\/wp-json\/wp\/v2\/types\/post"}],"author":[{"embeddable":true,"href":"https:\/\/sindticccba.org.br\/index.php\/wp-json\/wp\/v2\/users\/4"}],"replies":[{"embeddable":true,"href":"https:\/\/sindticccba.org.br\/index.php\/wp-json\/wp\/v2\/comments?post=2276"}],"version-history":[{"count":2,"href":"https:\/\/sindticccba.org.br\/index.php\/wp-json\/wp\/v2\/posts\/2276\/revisions"}],"predecessor-version":[{"id":2283,"href":"https:\/\/sindticccba.org.br\/index.php\/wp-json\/wp\/v2\/posts\/2276\/revisions\/2283"}],"wp:featuredmedia":[{"embeddable":true,"href":"https:\/\/sindticccba.org.br\/index.php\/wp-json\/wp\/v2\/media\/2284"}],"wp:attachment":[{"href":"https:\/\/sindticccba.org.br\/index.php\/wp-json\/wp\/v2\/media?parent=2276"}],"wp:term":[{"taxonomy":"category","embeddable":true,"href":"https:\/\/sindticccba.org.br\/index.php\/wp-json\/wp\/v2\/categories?post=2276"},{"taxonomy":"post_tag","embeddable":true,"href":"https:\/\/sindticccba.org.br\/index.php\/wp-json\/wp\/v2\/tags?post=2276"}],"curies":[{"name":"wp","href":"https:\/\/api.w.org\/{rel}","templated":true}]}}