{"id":2271,"date":"2025-01-14T11:08:26","date_gmt":"2025-01-14T14:08:26","guid":{"rendered":"https:\/\/sindticccba.org.br\/?p=2271"},"modified":"2025-01-14T11:10:51","modified_gmt":"2025-01-14T14:10:51","slug":"2271","status":"publish","type":"post","link":"https:\/\/sindticccba.org.br\/index.php\/2025\/01\/14\/2271\/","title":{"rendered":"Lula sanciona lei que pro\u00edbe uso de celular nas escolas. Entenda as regras"},"content":{"rendered":"<p><strong>Medida passar\u00e1 a valer em fevereiro nas escolas p\u00fablicas e privadas. Professores s\u00e3o favor\u00e1veis \u00e0 proibi\u00e7\u00e3o<\/strong><\/p>\n<p><a href=\"https:\/\/sindticccba.org.br\/wp-content\/uploads\/2025\/01\/Cel.jpg\"><img loading=\"lazy\" decoding=\"async\" class=\"alignnone size-full wp-image-2272\" src=\"https:\/\/sindticccba.org.br\/wp-content\/uploads\/2025\/01\/Cel.jpg\" alt=\"\" width=\"700\" height=\"460\" srcset=\"https:\/\/sindticccba.org.br\/wp-content\/uploads\/2025\/01\/Cel.jpg 700w, https:\/\/sindticccba.org.br\/wp-content\/uploads\/2025\/01\/Cel-300x197.jpg 300w, https:\/\/sindticccba.org.br\/wp-content\/uploads\/2025\/01\/Cel-696x457.jpg 696w\" sizes=\"auto, (max-width: 700px) 100vw, 700px\" \/><\/a><\/p>\n<p><em>Rosely Rocha &#8211; CUT<\/em><\/p>\n<p>O presidente Luiz In\u00e1cio Lula da Silva (PT) sanciona nesta segunda-feira (13), a lei que pro\u00edbe o uso de celulares e outros aparelhos eletr\u00f4nicos por parte dos estudantes de ensino infantil, fundamental e o m\u00e9dio, nas escolas p\u00fablicas e privadas. A lei foi aprovada pelo Congresso Nacional em dezembro do ano passado.<\/p>\n<p>A medida que come\u00e7ar\u00e1 a valer em fevereiro pro\u00edbe o uso, inclusive no recreio e intervalo entre as aulas. O uso desses aparelhos somente ser\u00e1 permitido em atividades pedag\u00f3gicas autorizadas pela escola; em situa\u00e7\u00f5es de \u201cestado de perigo, de necessidade ou caso de for\u00e7a maior\u201d; e para garantir acessibilidade, inclus\u00e3o e atender \u00e0s condi\u00e7\u00f5es de sa\u00fade dos estudantes.<\/p>\n<p>O ministro da Educa\u00e7\u00e3o, Camilo Santana, disse em recente entrevista que um dos objetivos \u00e9 minimizar as distra\u00e7\u00f5es causadas pelos dispositivos durante as atividades escolares. &#8220;O uso de celular na escola est\u00e1 tirando muito a aten\u00e7\u00e3o dos alunos dentro da sala de aula. Tanto atrapalha o professor quantos os colegas de sala de aula e o pr\u00f3prio aluno. E \u00e9 mais grave ainda quando \u00e9 para crian\u00e7as e adolescentes&#8221;, acrescentou.<\/p>\n<p>Professores apoiam a decis\u00e3o<\/p>\n<p>A medida \u00e9 bem-vinda para toda a comunidade escolar, analisa o primeiro presidente do Sindicato dos Professores do Ensino Oficial do Estado de S\u00e3o Paulo (Apeoesp), F\u00e1bio Santos de Moraes. Segundo ele, o uso excessivo e descontrolado de telas prejudica o ensino pedag\u00f3gico e o crescimento das pessoas.<\/p>\n<p>\u201cTemos uma sociedade ansiosa e com problemas e n\u00e3o \u00e9 aceit\u00e1vel que uma crian\u00e7a passe o dia inteiro olhando uma tela. A crian\u00e7a precisa de intera\u00e7\u00e3o humana e leitura nas escolas\u201d, diz.<\/p>\n<p>O que dizem os m\u00e9dicos<\/p>\n<p>A Sociedade Brasileira de Pediatria recomenda que crian\u00e7as menores de 2 anos de idade n\u00e3o devem ser expostas a telas, enquanto crian\u00e7as entre 2 e 5 anos devem ter o tempo de tela limitado a, no m\u00e1ximo, uma hora por dia. J\u00e1 crian\u00e7as entre 6 e 10 anos devem utilizar telas por at\u00e9 uma a duas horas di\u00e1rias, e crian\u00e7as maiores e adolescentes, entre 11 e 18 anos, n\u00e3o devem ultrapassar o tempo limite de tr\u00eas horas de tela por dia, incluindo o uso de videogames. A entidade recomenda ainda que as crian\u00e7as n\u00e3o devem fazer uso de televis\u00e3o ou computador nos seus pr\u00f3prios quartos, n\u00e3o devendo possuir smartphones antes dos 12 anos.<\/p>\n<p>Debate deve ir al\u00e9m<\/p>\n<p>O primeiro presidente da Apeoesp entende que esse debate precisa atingir toda a sociedade e, que de fato a comunidade escolar pratique essa decis\u00e3o.<\/p>\n<p>\u201cPara que seja colocada em pr\u00e1tica o Estado precisa garantir estrutura e isso passa pela contrata\u00e7\u00e3o de mais funcion\u00e1rios e professores. O estado de S\u00e3o Paulo, por exemplo, precisa tamb\u00e9m mudar o atual m\u00e9todo de ensino em que os alunos t\u00eam de ficar o dia inteiro numa plataforma, numa tela de celular\u201d, critica Moraes.<\/p>\n<p>F\u00e1bio se refere \u00e0 decis\u00e3o do governador do estado Tarc\u00edsio de Freitas, de implementar em 2023, um sistema de ensino baseado em aplicativos, com conte\u00fado e atividades pr\u00e9-estabelecidas. O m\u00e9todo, segundo ele, provocou praticamente o abandono dos livros did\u00e1ticos e impede que o professor busque formas diferentes de abordar os conte\u00fados em sala de aula.<\/p>\n<p><span style=\"font-size: 12px;\"><em>(Fonte: CUT Brasil, 13\/01\/2025)<\/em><\/span><\/p>\n","protected":false},"excerpt":{"rendered":"<p>Medida passar\u00e1 a valer em fevereiro nas escolas p\u00fablicas e privadas. Professores s\u00e3o favor\u00e1veis \u00e0 proibi\u00e7\u00e3o Rosely Rocha &#8211; CUT O presidente Luiz In\u00e1cio Lula da Silva (PT) sanciona nesta segunda-feira (13), a lei que pro\u00edbe o uso de celulares e outros aparelhos eletr\u00f4nicos por parte dos estudantes de ensino infantil, fundamental e o m\u00e9dio, [&hellip;]<\/p>\n","protected":false},"author":4,"featured_media":2272,"comment_status":"closed","ping_status":"closed","sticky":false,"template":"","format":"standard","meta":{"footnotes":""},"categories":[1],"tags":[],"class_list":{"0":"post-2271","1":"post","2":"type-post","3":"status-publish","4":"format-standard","5":"has-post-thumbnail","7":"category-noticias"},"_links":{"self":[{"href":"https:\/\/sindticccba.org.br\/index.php\/wp-json\/wp\/v2\/posts\/2271","targetHints":{"allow":["GET"]}}],"collection":[{"href":"https:\/\/sindticccba.org.br\/index.php\/wp-json\/wp\/v2\/posts"}],"about":[{"href":"https:\/\/sindticccba.org.br\/index.php\/wp-json\/wp\/v2\/types\/post"}],"author":[{"embeddable":true,"href":"https:\/\/sindticccba.org.br\/index.php\/wp-json\/wp\/v2\/users\/4"}],"replies":[{"embeddable":true,"href":"https:\/\/sindticccba.org.br\/index.php\/wp-json\/wp\/v2\/comments?post=2271"}],"version-history":[{"count":3,"href":"https:\/\/sindticccba.org.br\/index.php\/wp-json\/wp\/v2\/posts\/2271\/revisions"}],"predecessor-version":[{"id":2275,"href":"https:\/\/sindticccba.org.br\/index.php\/wp-json\/wp\/v2\/posts\/2271\/revisions\/2275"}],"wp:featuredmedia":[{"embeddable":true,"href":"https:\/\/sindticccba.org.br\/index.php\/wp-json\/wp\/v2\/media\/2272"}],"wp:attachment":[{"href":"https:\/\/sindticccba.org.br\/index.php\/wp-json\/wp\/v2\/media?parent=2271"}],"wp:term":[{"taxonomy":"category","embeddable":true,"href":"https:\/\/sindticccba.org.br\/index.php\/wp-json\/wp\/v2\/categories?post=2271"},{"taxonomy":"post_tag","embeddable":true,"href":"https:\/\/sindticccba.org.br\/index.php\/wp-json\/wp\/v2\/tags?post=2271"}],"curies":[{"name":"wp","href":"https:\/\/api.w.org\/{rel}","templated":true}]}}