{"id":2252,"date":"2025-01-08T22:19:32","date_gmt":"2025-01-09T01:19:32","guid":{"rendered":"https:\/\/sindticccba.org.br\/?p=2252"},"modified":"2025-01-08T22:19:32","modified_gmt":"2025-01-09T01:19:32","slug":"lula-celebra-democracia-e-diz-que-golpistas-serao-punidos","status":"publish","type":"post","link":"https:\/\/sindticccba.org.br\/index.php\/2025\/01\/08\/lula-celebra-democracia-e-diz-que-golpistas-serao-punidos\/","title":{"rendered":"Lula celebra democracia e diz que golpistas ser\u00e3o punidos"},"content":{"rendered":"<p>Para o presidente da CUT DF, Rodrigo Rodrigues, ato Abra\u00e7o da Democracia \u201cfoi uma demonstra\u00e7\u00e3o de resist\u00eancia da classe trabalhadora, da popula\u00e7\u00e3o, dos movimentos sociais e do movimento sindical\u201d<\/p>\n<p><a href=\"https:\/\/sindticccba.org.br\/wp-content\/uploads\/2025\/01\/Lula.jpg\"><img loading=\"lazy\" decoding=\"async\" src=\"https:\/\/sindticccba.org.br\/wp-content\/uploads\/2025\/01\/Lula.jpg\" alt=\"\" width=\"700\" height=\"460\" class=\"alignnone size-full wp-image-2253\" srcset=\"https:\/\/sindticccba.org.br\/wp-content\/uploads\/2025\/01\/Lula.jpg 700w, https:\/\/sindticccba.org.br\/wp-content\/uploads\/2025\/01\/Lula-300x197.jpg 300w, https:\/\/sindticccba.org.br\/wp-content\/uploads\/2025\/01\/Lula-696x457.jpg 696w\" sizes=\"auto, (max-width: 700px) 100vw, 700px\" \/><\/a><\/p>\n<p>Luiz R Cabral\/Rosely Rocha, 08\/01\/2025<\/p>\n<p>O ato Abra\u00e7o da Democracia realizado nesta quarta-feira (8,) no Pal\u00e1cio do Planalto, come\u00e7ou com a entrega das 21 obras restauradas ap\u00f3s o vandalismo de 8 de janeiro de 2023. Elas foram devolvidas e retornaram oficialmente ao acervo da Presid\u00eancia da Rep\u00fablica\u2013incluindo um rel\u00f3gio p\u00eandulo do s\u00e9culo XVIII e um quadro do artista Di Cavalcante.<\/p>\n<p>Em seu discurso o presidente Lu\u00eds In\u00e1cio Lula da Silva (PT) fez uma analogia ao filme \u201cAinda estou aqui\u201d, de Walter Sales, ao declarar: \u201choje \u00e9 dia de dizer, em alto e bom som, ainda estamos aqui. Estamos aqui para dizer que estamos vivos, que democracia est\u00e1 viva, ao contr\u00e1rio do que planejam golpistas de 8 janeiro de 2023\u201d.<\/p>\n<p><a href=\"https:\/\/sindticccba.org.br\/wp-content\/uploads\/2025\/01\/RELOGIO.jpg\"><img loading=\"lazy\" decoding=\"async\" src=\"https:\/\/sindticccba.org.br\/wp-content\/uploads\/2025\/01\/RELOGIO.jpg\" alt=\"\" width=\"770\" height=\"533\" class=\"alignnone size-full wp-image-2254\" srcset=\"https:\/\/sindticccba.org.br\/wp-content\/uploads\/2025\/01\/RELOGIO.jpg 770w, https:\/\/sindticccba.org.br\/wp-content\/uploads\/2025\/01\/RELOGIO-300x208.jpg 300w, https:\/\/sindticccba.org.br\/wp-content\/uploads\/2025\/01\/RELOGIO-768x532.jpg 768w, https:\/\/sindticccba.org.br\/wp-content\/uploads\/2025\/01\/RELOGIO-218x150.jpg 218w, https:\/\/sindticccba.org.br\/wp-content\/uploads\/2025\/01\/RELOGIO-696x482.jpg 696w\" sizes=\"auto, (max-width: 770px) 100vw, 770px\" \/><\/a><\/p>\n<p>Mais adiante, afirmou: \u201cOs respons\u00e1veis pelo 8 de janeiro est\u00e3o investigados e punidos. Ningu\u00e9m foi ou ser\u00e1 preso injustamente. Todos pagar\u00e3o pelos crimes que cometeram, todos. Inclusive os que planejaram o assassinato do presidente e do vice-presidente da Rep\u00fablica e do presidente do Tribunal Superior Eleitoral\u201d.<\/p>\n<p>No evento, o presidente Lula tamb\u00e9m assinou o decreto que cria o pr\u00eamio Eunice Paiva em defesa \u00e0 democracia. A iniciativa conceder\u00e1 a distin\u00e7\u00e3o a pessoas naturais, brasileiras ou estrangeiras, que tenham colaborado de maneira not\u00e1vel para a preserva\u00e7\u00e3o, restaura\u00e7\u00e3o ou consolida\u00e7\u00e3o da democracia no Brasil. Eunice Paiva foi a vi\u00fava do ex-deputado federal Rubens Paiva, assassinado pela ditadura militar, que se tornou personagem do filme Ainda Estou Aqui, baseado no livro hom\u00f4nimo do seu filho, o escritor Marcelo Rubens Paiva.<\/p>\n<p>Ap\u00f3s o evento no Pal\u00e1cio, Lula acompanhado da primeira-dama Janja da Silva desceu a rampa do Planalto e se juntou a populares e representantes de entidades sociais e sindicais para participar do momento simb\u00f3lico que foi um abra\u00e7o ao redor da palavra democracia, escrita com flores, na Pra\u00e7a dos Tr\u00eas Poderes.<\/p>\n<p>A CUT foi representada pelo presidente da entidade do Distrito Federal Rodrigo Rodrigues. Para ele, o ato \u201cfoi uma demonstra\u00e7\u00e3o de resist\u00eancia da classe trabalhadora, da popula\u00e7\u00e3o, dos movimentos sociais, do movimento sindical, na luta pelo espa\u00e7o em que a classe trabalhadora encontra para poder colocar as suas pautas, reivindicar os seus direitos e avan\u00e7ar nos direitos conquistados. Portanto, democracia sempre e sem anistia para os golpistas\u201d.<\/p>\n<p>Autoridades e discursos<\/p>\n<p>No ato dentro do Pal\u00e1cio do Planalto estiveram presentes autoridades dos Tr\u00eas Poderes, ministros e governadores. O vice-presidente do Supremo Tribunal Federal (STF), Luiz Edson Fachin, que estava representado a Suprema Corte, defendeu a puni\u00e7\u00e3o das pessoas que atentaram contra a democracia e afirmou que o dia 8 de janeiro de 2023 precisa ser lembrado para n\u00e3o ser repetido.<\/p>\n<p>O ministro da Justi\u00e7a e Seguran\u00e7a P\u00fablica, Ricardo Lewandowski, foi enf\u00e1tico ao falar em defesa da democracia.<\/p>\n<p> \u201cN\u00e3o podemos permitir que as li\u00e7\u00f5es do passado se percam. Cada amea\u00e7a que surge contra o regime democr\u00e1tico deve ser um lembrete do valor inestim\u00e1vel do que ele representa e da import\u00e2ncia da luta cotidiana de todos n\u00f3s para a sua preserva\u00e7\u00e3o\u201d, declarou.<br \/>\n<em>(Fonte: CUT Nacional)<\/em><\/p>\n","protected":false},"excerpt":{"rendered":"<p>Para o presidente da CUT DF, Rodrigo Rodrigues, ato Abra\u00e7o da Democracia \u201cfoi uma demonstra\u00e7\u00e3o de resist\u00eancia da classe trabalhadora, da popula\u00e7\u00e3o, dos movimentos sociais e do movimento sindical\u201d Luiz R Cabral\/Rosely Rocha, 08\/01\/2025 O ato Abra\u00e7o da Democracia realizado nesta quarta-feira (8,) no Pal\u00e1cio do Planalto, come\u00e7ou com a entrega das 21 obras restauradas [&hellip;]<\/p>\n","protected":false},"author":4,"featured_media":2253,"comment_status":"closed","ping_status":"closed","sticky":false,"template":"","format":"standard","meta":{"footnotes":""},"categories":[1],"tags":[],"class_list":{"0":"post-2252","1":"post","2":"type-post","3":"status-publish","4":"format-standard","5":"has-post-thumbnail","7":"category-noticias"},"_links":{"self":[{"href":"https:\/\/sindticccba.org.br\/index.php\/wp-json\/wp\/v2\/posts\/2252","targetHints":{"allow":["GET"]}}],"collection":[{"href":"https:\/\/sindticccba.org.br\/index.php\/wp-json\/wp\/v2\/posts"}],"about":[{"href":"https:\/\/sindticccba.org.br\/index.php\/wp-json\/wp\/v2\/types\/post"}],"author":[{"embeddable":true,"href":"https:\/\/sindticccba.org.br\/index.php\/wp-json\/wp\/v2\/users\/4"}],"replies":[{"embeddable":true,"href":"https:\/\/sindticccba.org.br\/index.php\/wp-json\/wp\/v2\/comments?post=2252"}],"version-history":[{"count":1,"href":"https:\/\/sindticccba.org.br\/index.php\/wp-json\/wp\/v2\/posts\/2252\/revisions"}],"predecessor-version":[{"id":2255,"href":"https:\/\/sindticccba.org.br\/index.php\/wp-json\/wp\/v2\/posts\/2252\/revisions\/2255"}],"wp:featuredmedia":[{"embeddable":true,"href":"https:\/\/sindticccba.org.br\/index.php\/wp-json\/wp\/v2\/media\/2253"}],"wp:attachment":[{"href":"https:\/\/sindticccba.org.br\/index.php\/wp-json\/wp\/v2\/media?parent=2252"}],"wp:term":[{"taxonomy":"category","embeddable":true,"href":"https:\/\/sindticccba.org.br\/index.php\/wp-json\/wp\/v2\/categories?post=2252"},{"taxonomy":"post_tag","embeddable":true,"href":"https:\/\/sindticccba.org.br\/index.php\/wp-json\/wp\/v2\/tags?post=2252"}],"curies":[{"name":"wp","href":"https:\/\/api.w.org\/{rel}","templated":true}]}}