{"id":2133,"date":"2024-11-13T15:38:09","date_gmt":"2024-11-13T18:38:09","guid":{"rendered":"https:\/\/sindticccba.org.br\/?p=2133"},"modified":"2024-11-13T15:38:09","modified_gmt":"2024-11-13T18:38:09","slug":"pec-que-propoe-fim-da-escala-de-trabalho-6x1-alcanca-numero-necessario-de-assinaturas-diz-erika-hilton","status":"publish","type":"post","link":"https:\/\/sindticccba.org.br\/index.php\/2024\/11\/13\/pec-que-propoe-fim-da-escala-de-trabalho-6x1-alcanca-numero-necessario-de-assinaturas-diz-erika-hilton\/","title":{"rendered":"PEC que prop\u00f5e fim da escala de trabalho 6\u00d71 alcan\u00e7a n\u00famero necess\u00e1rio de assinaturas, diz Erika Hilton"},"content":{"rendered":"<figure id=\"attachment_2134\" aria-describedby=\"caption-attachment-2134\" style=\"width: 300px\" class=\"wp-caption alignleft\"><img loading=\"lazy\" decoding=\"async\" class=\"size-medium wp-image-2134\" src=\"https:\/\/sindticccba.org.br\/wp-content\/uploads\/2024\/11\/erika-hilton_zeca-ribeiro_camara-dos-deputados-900x615-1-300x205.jpg\" alt=\"\" width=\"300\" height=\"205\" srcset=\"https:\/\/sindticccba.org.br\/wp-content\/uploads\/2024\/11\/erika-hilton_zeca-ribeiro_camara-dos-deputados-900x615-1-300x205.jpg 300w, https:\/\/sindticccba.org.br\/wp-content\/uploads\/2024\/11\/erika-hilton_zeca-ribeiro_camara-dos-deputados-900x615-1-768x525.jpg 768w, https:\/\/sindticccba.org.br\/wp-content\/uploads\/2024\/11\/erika-hilton_zeca-ribeiro_camara-dos-deputados-900x615-1-218x150.jpg 218w, https:\/\/sindticccba.org.br\/wp-content\/uploads\/2024\/11\/erika-hilton_zeca-ribeiro_camara-dos-deputados-900x615-1-696x476.jpg 696w, https:\/\/sindticccba.org.br\/wp-content\/uploads\/2024\/11\/erika-hilton_zeca-ribeiro_camara-dos-deputados-900x615-1.jpg 900w\" sizes=\"auto, (max-width: 300px) 100vw, 300px\" \/><figcaption id=\"caption-attachment-2134\" class=\"wp-caption-text\">Foto: Zeca Ribeiro\/Arquivo\/Ag\u00eancia C\u00e2mara\\\u00c9rika Hilton<\/figcaption><\/figure>\n<p style=\"text-align: justify;\">A PEC (Proposta de Emenda \u00e0 Constitui\u00e7\u00e3o) que prop\u00f5e o fim da jornada de trabalho na escala 6\u00d71 (seis dias de trabalho e um de descanso semanal) e a ado\u00e7\u00e3o de quatro dias semanais atingiu o n\u00famero de assinaturas necess\u00e1rias para tramita\u00e7\u00e3o no Congresso Nacional.<\/p>\n<p style=\"text-align: justify;\">A proposta contava com as assinaturas de 195 deputados \u00e0s 10h desta quarta (13), o que permite o in\u00edcio da discuss\u00e3o formal do texto, segundo a assessoria da deputada federal Erika Hilton (PSOL-SP). Para isso, a PEC precisava de, no m\u00ednimo, 171 assinaturas dos 513 deputados.<\/p>\n<p style=\"text-align: justify;\">O debate sobre a escala 6\u00d71 ganhou for\u00e7a na \u00faltima semana, principalmente nas redes sociais. A proposta, apresentada por Erika Hilton, visa alterar o artigo 7\u00ba da Constitui\u00e7\u00e3o, no inciso 8, que trata da jornada de trabalho, propondo a redu\u00e7\u00e3o para quatro dias semanais.<\/p>\n<p style=\"text-align: justify;\">Uma vez protocolado, ap\u00f3s a confer\u00eancia das assinaturas, o texto seguir\u00e1 para a CCJ (Comiss\u00e3o de Constitui\u00e7\u00e3o, Justi\u00e7a e de Cidadania) da C\u00e2mara dos Deputados, que analisar\u00e1 a admissibilidade da proposta.<\/p>\n<p style=\"text-align: justify;\">O tema, no entanto, encontra resist\u00eancia em alguns setores como a CNI (Confedera\u00e7\u00e3o Nacional da Ind\u00fastria), que alerta para os poss\u00edveis impactos negativos de uma imposi\u00e7\u00e3o legal sobre a jornada de trabalho.<\/p>\n<p style=\"text-align: justify;\">A entidade aponta que a medida poderia prejudicar a competitividade das empresas, especialmente as micro e pequenas, e enfraquecer o di\u00e1logo entre empregadores e empregados sobre a dura\u00e7\u00e3o das escalas.<\/p>\n<p style=\"text-align: justify;\">Em postagem na rede social X (antigo Twitter) na \u00faltima segunda-feira (11), o ministro do Trabalho e Emprego, Luiz Marinho (PT), afirmou que o fim da escala de trabalho 6\u00d71 deve ser negociado em \u201cconven\u00e7\u00e3o e acordos coletivos entre empresas e empregados\u201d.<\/p>\n<p style=\"text-align: justify;\"><span class=\"assinatura_exclusiva\" style=\"font-size: 10px;\">Lucas Leite\/Folhapress<\/span><\/p>\n","protected":false},"excerpt":{"rendered":"<p>A PEC (Proposta de Emenda \u00e0 Constitui\u00e7\u00e3o) que prop\u00f5e o fim da jornada de trabalho na escala 6\u00d71 (seis dias de trabalho e um de descanso semanal) e a ado\u00e7\u00e3o de quatro dias semanais atingiu o n\u00famero de assinaturas necess\u00e1rias para tramita\u00e7\u00e3o no Congresso Nacional. A proposta contava com as assinaturas de 195 deputados \u00e0s [&hellip;]<\/p>\n","protected":false},"author":2,"featured_media":2134,"comment_status":"closed","ping_status":"closed","sticky":false,"template":"","format":"standard","meta":{"footnotes":""},"categories":[1],"tags":[],"class_list":{"0":"post-2133","1":"post","2":"type-post","3":"status-publish","4":"format-standard","5":"has-post-thumbnail","7":"category-noticias"},"_links":{"self":[{"href":"https:\/\/sindticccba.org.br\/index.php\/wp-json\/wp\/v2\/posts\/2133","targetHints":{"allow":["GET"]}}],"collection":[{"href":"https:\/\/sindticccba.org.br\/index.php\/wp-json\/wp\/v2\/posts"}],"about":[{"href":"https:\/\/sindticccba.org.br\/index.php\/wp-json\/wp\/v2\/types\/post"}],"author":[{"embeddable":true,"href":"https:\/\/sindticccba.org.br\/index.php\/wp-json\/wp\/v2\/users\/2"}],"replies":[{"embeddable":true,"href":"https:\/\/sindticccba.org.br\/index.php\/wp-json\/wp\/v2\/comments?post=2133"}],"version-history":[{"count":1,"href":"https:\/\/sindticccba.org.br\/index.php\/wp-json\/wp\/v2\/posts\/2133\/revisions"}],"predecessor-version":[{"id":2135,"href":"https:\/\/sindticccba.org.br\/index.php\/wp-json\/wp\/v2\/posts\/2133\/revisions\/2135"}],"wp:featuredmedia":[{"embeddable":true,"href":"https:\/\/sindticccba.org.br\/index.php\/wp-json\/wp\/v2\/media\/2134"}],"wp:attachment":[{"href":"https:\/\/sindticccba.org.br\/index.php\/wp-json\/wp\/v2\/media?parent=2133"}],"wp:term":[{"taxonomy":"category","embeddable":true,"href":"https:\/\/sindticccba.org.br\/index.php\/wp-json\/wp\/v2\/categories?post=2133"},{"taxonomy":"post_tag","embeddable":true,"href":"https:\/\/sindticccba.org.br\/index.php\/wp-json\/wp\/v2\/tags?post=2133"}],"curies":[{"name":"wp","href":"https:\/\/api.w.org\/{rel}","templated":true}]}}