{"id":2081,"date":"2024-10-30T17:11:06","date_gmt":"2024-10-30T20:11:06","guid":{"rendered":"https:\/\/sindticccba.org.br\/?p=2081"},"modified":"2024-10-30T17:41:33","modified_gmt":"2024-10-30T20:41:33","slug":"sindticc-participa-de-seminario-da-icm-sobre-atuacao-de-empresas-chinesas","status":"publish","type":"post","link":"https:\/\/sindticccba.org.br\/index.php\/2024\/10\/30\/sindticc-participa-de-seminario-da-icm-sobre-atuacao-de-empresas-chinesas\/","title":{"rendered":"SINDTICC PARTICIPA DE SEMIN\u00c1RIO DA ICM SOBRE ATUA\u00c7\u00c3O DE EMPRESAS CHINESAS"},"content":{"rendered":"<p>O Sindticcc est\u00e1 participando do Semin\u00e1rio Regional Sindical da ICM, que acontece dias 30 e 31\/10 em Salvador, abordando a atua\u00e7\u00e3o de empresas multinacionais e chinesas na Am\u00e9rica Latina e Caribe. Com a instala\u00e7\u00e3o da chinesa BYD em Cama\u00e7ari, esse evento n\u00e3o poderia ser mais oportuno para o movimento sindical e as categorias envolvidas.<br \/>\n<strong>PRIORIDADE<\/strong> &#8211; Presente ao encontro em Salvador, o coordenador-geral do Sindticcc, Antonio Ubirajara (Bira), chamou a aten\u00e7\u00e3o para o fato de a BYD estar preenchendo a maioria dos postos de trabalho com profissionais chineses, ficando uma minoria para a m\u00e3o de obra local. \u201cEstamos aproveitando esse semin\u00e1rio para dialogar com v\u00e1rios sindicatos no sentido de construir uma mobiliza\u00e7\u00e3o para garantir que a BYD d\u00ea prioridade aos nossos trabalhadores e trabalhadoras. Por isso convocamos os sindicatos a unir for\u00e7as buscando preservar as categorias que representamos, al\u00e9m de fazer valer os respectivos acordos coletivos\u201d, finalizou Bira.<\/p>\n<p><a href=\"https:\/\/sindticccba.org.br\/wp-content\/uploads\/2024\/10\/b1bcd579-04b5-44fe-9d8d-f6606c89ed43.jpg\"><img loading=\"lazy\" decoding=\"async\" src=\"https:\/\/sindticccba.org.br\/wp-content\/uploads\/2024\/10\/b1bcd579-04b5-44fe-9d8d-f6606c89ed43-867x1024.jpg\" alt=\"\" width=\"696\" height=\"822\" class=\"alignnone size-large wp-image-2082\" srcset=\"https:\/\/sindticccba.org.br\/wp-content\/uploads\/2024\/10\/b1bcd579-04b5-44fe-9d8d-f6606c89ed43-867x1024.jpg 867w, https:\/\/sindticccba.org.br\/wp-content\/uploads\/2024\/10\/b1bcd579-04b5-44fe-9d8d-f6606c89ed43-254x300.jpg 254w, https:\/\/sindticccba.org.br\/wp-content\/uploads\/2024\/10\/b1bcd579-04b5-44fe-9d8d-f6606c89ed43-768x907.jpg 768w, https:\/\/sindticccba.org.br\/wp-content\/uploads\/2024\/10\/b1bcd579-04b5-44fe-9d8d-f6606c89ed43-696x822.jpg 696w, https:\/\/sindticccba.org.br\/wp-content\/uploads\/2024\/10\/b1bcd579-04b5-44fe-9d8d-f6606c89ed43.jpg 960w\" sizes=\"auto, (max-width: 696px) 100vw, 696px\" \/><\/a><\/p>\n","protected":false},"excerpt":{"rendered":"<p>O Sindticcc est\u00e1 participando do Semin\u00e1rio Regional Sindical da ICM, que acontece dias 30 e 31\/10 em Salvador, abordando a atua\u00e7\u00e3o de empresas multinacionais e chinesas na Am\u00e9rica Latina e Caribe. Com a instala\u00e7\u00e3o da chinesa BYD em Cama\u00e7ari, esse evento n\u00e3o poderia ser mais oportuno para o movimento sindical e as categorias envolvidas. PRIORIDADE [&hellip;]<\/p>\n","protected":false},"author":4,"featured_media":2082,"comment_status":"closed","ping_status":"closed","sticky":false,"template":"","format":"standard","meta":{"footnotes":""},"categories":[1],"tags":[],"class_list":{"0":"post-2081","1":"post","2":"type-post","3":"status-publish","4":"format-standard","5":"has-post-thumbnail","7":"category-noticias"},"_links":{"self":[{"href":"https:\/\/sindticccba.org.br\/index.php\/wp-json\/wp\/v2\/posts\/2081","targetHints":{"allow":["GET"]}}],"collection":[{"href":"https:\/\/sindticccba.org.br\/index.php\/wp-json\/wp\/v2\/posts"}],"about":[{"href":"https:\/\/sindticccba.org.br\/index.php\/wp-json\/wp\/v2\/types\/post"}],"author":[{"embeddable":true,"href":"https:\/\/sindticccba.org.br\/index.php\/wp-json\/wp\/v2\/users\/4"}],"replies":[{"embeddable":true,"href":"https:\/\/sindticccba.org.br\/index.php\/wp-json\/wp\/v2\/comments?post=2081"}],"version-history":[{"count":4,"href":"https:\/\/sindticccba.org.br\/index.php\/wp-json\/wp\/v2\/posts\/2081\/revisions"}],"predecessor-version":[{"id":2086,"href":"https:\/\/sindticccba.org.br\/index.php\/wp-json\/wp\/v2\/posts\/2081\/revisions\/2086"}],"wp:featuredmedia":[{"embeddable":true,"href":"https:\/\/sindticccba.org.br\/index.php\/wp-json\/wp\/v2\/media\/2082"}],"wp:attachment":[{"href":"https:\/\/sindticccba.org.br\/index.php\/wp-json\/wp\/v2\/media?parent=2081"}],"wp:term":[{"taxonomy":"category","embeddable":true,"href":"https:\/\/sindticccba.org.br\/index.php\/wp-json\/wp\/v2\/categories?post=2081"},{"taxonomy":"post_tag","embeddable":true,"href":"https:\/\/sindticccba.org.br\/index.php\/wp-json\/wp\/v2\/tags?post=2081"}],"curies":[{"name":"wp","href":"https:\/\/api.w.org\/{rel}","templated":true}]}}