{"id":2004,"date":"2024-10-08T11:34:21","date_gmt":"2024-10-08T14:34:21","guid":{"rendered":"https:\/\/sindticccba.org.br\/?p=2004"},"modified":"2024-10-08T11:47:00","modified_gmt":"2024-10-08T14:47:00","slug":"5a-vara-do-trabalho-de-camacari-nasce-com-mais-de-34-mil-processos-unidade-ja-opera-em-regime-remoto","status":"publish","type":"post","link":"https:\/\/sindticccba.org.br\/index.php\/2024\/10\/08\/5a-vara-do-trabalho-de-camacari-nasce-com-mais-de-34-mil-processos-unidade-ja-opera-em-regime-remoto\/","title":{"rendered":"5\u00aa Vara do Trabalho de Cama\u00e7ari \u201cnasce\u201d com mais de 3,4 mil processos; unidade j\u00e1 opera em regime remoto"},"content":{"rendered":"<figure id=\"attachment_2005\" aria-describedby=\"caption-attachment-2005\" style=\"width: 300px\" class=\"wp-caption alignleft\"><img loading=\"lazy\" decoding=\"async\" class=\"size-medium wp-image-2005\" src=\"https:\/\/sindticccba.org.br\/wp-content\/uploads\/2024\/10\/Vara-300x158.webp\" alt=\"\" width=\"300\" height=\"158\" srcset=\"https:\/\/sindticccba.org.br\/wp-content\/uploads\/2024\/10\/Vara-300x158.webp 300w, https:\/\/sindticccba.org.br\/wp-content\/uploads\/2024\/10\/Vara-1024x538.webp 1024w, https:\/\/sindticccba.org.br\/wp-content\/uploads\/2024\/10\/Vara-768x403.webp 768w, https:\/\/sindticccba.org.br\/wp-content\/uploads\/2024\/10\/Vara-696x365.webp 696w, https:\/\/sindticccba.org.br\/wp-content\/uploads\/2024\/10\/Vara-1068x561.webp 1068w, https:\/\/sindticccba.org.br\/wp-content\/uploads\/2024\/10\/Vara.webp 1200w\" sizes=\"auto, (max-width: 300px) 100vw, 300px\" \/><figcaption id=\"caption-attachment-2005\" class=\"wp-caption-text\">Foto:Reprodu\u00e7\u00e3o\/Youtube<\/figcaption><\/figure>\n<p style=\"text-align: justify;\">Rec\u00e9m-criada pelo Tribunal Regional do Trabalho da Bahia (TRT-BA), a 5\u00aa Vara do Trabalho de Cama\u00e7ari j\u00e1 inicia as atividades com um acervo processual robusto. Segundo o presidente do TRT-BA, desembargador J\u00e9ferson Muricy, a unidade j\u00e1 possui 3.444 processos.<\/p>\n<p style=\"text-align: justify;\">A nova vara na cidade da regi\u00e3o metropolitana de Salvador \u00e9 resultado da transfer\u00eancia da 3\u00aa Vara do Trabalho de Ilh\u00e9us,\u00a0autorizada pelo \u00d3rg\u00e3o Especial em julho deste ano.<\/p>\n<p style=\"text-align: justify;\">\u201cAs provid\u00eancias para a instala\u00e7\u00e3o da 5\u00aa Vara de Cama\u00e7ari est\u00e3o sendo adotadas com muita celeridade e j\u00e1 desenvolvemos um rob\u00f4 para migra\u00e7\u00e3o dos processos, 20% de cada vara, e a 5\u00aa Vara do Trabalho de Cama\u00e7ari j\u00e1 nasce com 3.444 processos. \u00c9 para termos no\u00e7\u00e3o do acerto da decis\u00e3o desta Casa, deste tribunal quando autorizou a remo\u00e7\u00e3o da 3\u00aa Vara de Ilh\u00e9us para ser a 5\u00aa Vara de Cama\u00e7ari\u201d, pontuou Muricy na sess\u00e3o do \u00d3rg\u00e3o Especial desta segunda-feira (7).<\/p>\n<p style=\"text-align: justify;\">Conforme o presidente do TRT-BA, a 5\u00aa Vara agora entra em regime de trabalho remoto porque as instala\u00e7\u00f5es f\u00edsicas para abrig\u00e1-la ainda n\u00e3o existem. \u201cDeveremos come\u00e7ar a obra agora, a partir do meado de outubro que esperamos que estejam conclu\u00eddas ap\u00f3s o recesso. No in\u00edcio de 2025 ela j\u00e1 esteja adequadamente funcionando fisicamente\u201d, projetou.<\/p>\n<p style=\"text-align: justify;\">Em julho, o desembargador realizou visita t\u00e9cnica ao f\u00f3rum Barach\u00edsio Lisboa, em Cama\u00e7ari, para iniciar a tomada de provid\u00eancias destinadas \u00e0 implanta\u00e7\u00e3o da nova vara. A visita incluiu uma inspe\u00e7\u00e3o do espa\u00e7o f\u00edsico dispon\u00edvel para a unidade.<\/p>\n","protected":false},"excerpt":{"rendered":"<p>Rec\u00e9m-criada pelo Tribunal Regional do Trabalho da Bahia (TRT-BA), a 5\u00aa Vara do Trabalho de Cama\u00e7ari j\u00e1 inicia as atividades com um acervo processual robusto. Segundo o presidente do TRT-BA, desembargador J\u00e9ferson Muricy, a unidade j\u00e1 possui 3.444 processos. A nova vara na cidade da regi\u00e3o metropolitana de Salvador \u00e9 resultado da transfer\u00eancia da 3\u00aa [&hellip;]<\/p>\n","protected":false},"author":2,"featured_media":2005,"comment_status":"closed","ping_status":"closed","sticky":false,"template":"","format":"standard","meta":{"footnotes":""},"categories":[1],"tags":[],"class_list":{"0":"post-2004","1":"post","2":"type-post","3":"status-publish","4":"format-standard","5":"has-post-thumbnail","7":"category-noticias"},"_links":{"self":[{"href":"https:\/\/sindticccba.org.br\/index.php\/wp-json\/wp\/v2\/posts\/2004","targetHints":{"allow":["GET"]}}],"collection":[{"href":"https:\/\/sindticccba.org.br\/index.php\/wp-json\/wp\/v2\/posts"}],"about":[{"href":"https:\/\/sindticccba.org.br\/index.php\/wp-json\/wp\/v2\/types\/post"}],"author":[{"embeddable":true,"href":"https:\/\/sindticccba.org.br\/index.php\/wp-json\/wp\/v2\/users\/2"}],"replies":[{"embeddable":true,"href":"https:\/\/sindticccba.org.br\/index.php\/wp-json\/wp\/v2\/comments?post=2004"}],"version-history":[{"count":3,"href":"https:\/\/sindticccba.org.br\/index.php\/wp-json\/wp\/v2\/posts\/2004\/revisions"}],"predecessor-version":[{"id":2008,"href":"https:\/\/sindticccba.org.br\/index.php\/wp-json\/wp\/v2\/posts\/2004\/revisions\/2008"}],"wp:featuredmedia":[{"embeddable":true,"href":"https:\/\/sindticccba.org.br\/index.php\/wp-json\/wp\/v2\/media\/2005"}],"wp:attachment":[{"href":"https:\/\/sindticccba.org.br\/index.php\/wp-json\/wp\/v2\/media?parent=2004"}],"wp:term":[{"taxonomy":"category","embeddable":true,"href":"https:\/\/sindticccba.org.br\/index.php\/wp-json\/wp\/v2\/categories?post=2004"},{"taxonomy":"post_tag","embeddable":true,"href":"https:\/\/sindticccba.org.br\/index.php\/wp-json\/wp\/v2\/tags?post=2004"}],"curies":[{"name":"wp","href":"https:\/\/api.w.org\/{rel}","templated":true}]}}