{"id":1931,"date":"2024-08-28T08:51:47","date_gmt":"2024-08-28T11:51:47","guid":{"rendered":"https:\/\/sindticccba.org.br\/?p=1931"},"modified":"2024-08-28T08:51:47","modified_gmt":"2024-08-28T11:51:47","slug":"cut-celebra-seus-41-anos-reafirmando-seu-papel-na-historia-do-pais","status":"publish","type":"post","link":"https:\/\/sindticccba.org.br\/index.php\/2024\/08\/28\/cut-celebra-seus-41-anos-reafirmando-seu-papel-na-historia-do-pais\/","title":{"rendered":"CUT celebra seus 41 anos reafirmando seu papel na hist\u00f3ria do pa\u00eds"},"content":{"rendered":"<p><strong>Central \u00danica dos Trabalhadores teve papel fundamental na hist\u00f3ria recente do pa\u00eds e continua atuante em defesa da classe trabalhadora<\/strong><\/p>\n<p><a href=\"https:\/\/sindticccba.org.br\/wp-content\/uploads\/2024\/08\/CUT.jpeg\"><img loading=\"lazy\" decoding=\"async\" class=\"alignnone size-full wp-image-1933\" src=\"https:\/\/sindticccba.org.br\/wp-content\/uploads\/2024\/08\/CUT.jpeg\" alt=\"\" width=\"700\" height=\"460\" srcset=\"https:\/\/sindticccba.org.br\/wp-content\/uploads\/2024\/08\/CUT.jpeg 700w, https:\/\/sindticccba.org.br\/wp-content\/uploads\/2024\/08\/CUT-300x197.jpeg 300w, https:\/\/sindticccba.org.br\/wp-content\/uploads\/2024\/08\/CUT-696x457.jpeg 696w\" sizes=\"auto, (max-width: 700px) 100vw, 700px\" \/><\/a><\/p>\n<p><em>Luiz R Cabral<\/em><\/p>\n<p>A Central \u00danica dos Trabalhadores (CUT), foi fundada em 28 de agosto de 1983, em S\u00e3o Bernardo do Campo (SP), e \u00e9, hoje, a maior central sindical da Am\u00e9rica Latina e a quinta maior do mundo. A entidade sempre defendeu os interesses da classe trabalhadora, tanto no Brasil quanto no exterior e est\u00e1 no seu DNA a busca por melhores condi\u00e7\u00f5es de vida e trabalho do brasileiro, da autonomia sindical e da independ\u00eancia em rela\u00e7\u00e3o ao estado, partidos pol\u00edticos e outras institui\u00e7\u00f5es. Al\u00e9m da defesa incessante das liberdades democr\u00e1ticas no pa\u00eds.<\/p>\n<p>Nesses 41 anos de exist\u00eancia, a entidade foi marcada por in\u00fameras mobiliza\u00e7\u00f5es e lutas em defesa dos trabalhadores: foram greves em todo Brasil exigindo reajustes salariais, garantias no emprego e contra demiss\u00f5es e trabalhos precarizados; campanhas por trabalho, terra, moradia, sal\u00e1rio, previd\u00eancia p\u00fablica e caravanas em defesa da democracia, entre tantas outras.<\/p>\n<p><a href=\"https:\/\/sindticccba.org.br\/wp-content\/uploads\/2024\/08\/CUT2.jpg\"><img loading=\"lazy\" decoding=\"async\" class=\"alignnone size-full wp-image-1932\" src=\"https:\/\/sindticccba.org.br\/wp-content\/uploads\/2024\/08\/CUT2.jpg\" alt=\"\" width=\"700\" height=\"460\" srcset=\"https:\/\/sindticccba.org.br\/wp-content\/uploads\/2024\/08\/CUT2.jpg 700w, https:\/\/sindticccba.org.br\/wp-content\/uploads\/2024\/08\/CUT2-300x197.jpg 300w, https:\/\/sindticccba.org.br\/wp-content\/uploads\/2024\/08\/CUT2-696x457.jpg 696w\" sizes=\"auto, (max-width: 700px) 100vw, 700px\" \/><\/a><\/p>\n<p>Visando lutar para garantir o estado democr\u00e1tico de direito, a CUT esteve, por exemplo, no movimento \u201cDiretas J\u00e1\u201d que come\u00e7ou a tirar o Brasil das garras da ditadura militar. Esteve, tamb\u00e9m, junto \u00e0 popula\u00e7\u00e3o brasileira, nos atos que pediram o impeachment do ex-presidente Fernando Collor de Mello, protestou contra as medidas econ\u00f4micas neoliberais de FHC, contra a reforma trabalhista do presidente Michel Temer e contra as destrui\u00e7\u00f5es sociais macabras do \u00faltimo governo de extrema direita.<\/p>\n<p>Esses s\u00f3 s\u00e3o alguns dos exemplos das infinidades de a\u00e7\u00f5es em que a entidade marcou presen\u00e7a durante essas mais de quatro d\u00e9cadas de exist\u00eancia. Este ano, a CUT est\u00e1 em campanha contra os juros altos, que est\u00e3o atrapalhando o progresso e desenvolvimento do pa\u00eds.<\/p>\n<p>\u201cN\u00e3o d\u00e1 para falar das lutas e conquistas no mundo do trabalho e na hist\u00f3ria do pa\u00eds sem falar da import\u00e2ncia do envolvimento da CUT nesses assuntos. Foram 41 anos de muita luta e desafios. Por isso, dia 28 de agosto \u00e9 dia de celebrar com muito orgulho o anivers\u00e1rio da CUT\u201d, afirma Maria Aparecida Faria, Secret\u00e1ria de Comunica\u00e7\u00e3o da CUT Nacional.<br \/>\n<span style=\"font-size: 12px;\"><em>(Fonte: CUT Brasil, 27\/08\/2024)<\/em><\/span><\/p>\n","protected":false},"excerpt":{"rendered":"<p>Central \u00danica dos Trabalhadores teve papel fundamental na hist\u00f3ria recente do pa\u00eds e continua atuante em defesa da classe trabalhadora Luiz R Cabral A Central \u00danica dos Trabalhadores (CUT), foi fundada em 28 de agosto de 1983, em S\u00e3o Bernardo do Campo (SP), e \u00e9, hoje, a maior central sindical da Am\u00e9rica Latina e a [&hellip;]<\/p>\n","protected":false},"author":4,"featured_media":1932,"comment_status":"closed","ping_status":"closed","sticky":false,"template":"","format":"standard","meta":{"footnotes":""},"categories":[1],"tags":[],"class_list":{"0":"post-1931","1":"post","2":"type-post","3":"status-publish","4":"format-standard","5":"has-post-thumbnail","7":"category-noticias"},"_links":{"self":[{"href":"https:\/\/sindticccba.org.br\/index.php\/wp-json\/wp\/v2\/posts\/1931","targetHints":{"allow":["GET"]}}],"collection":[{"href":"https:\/\/sindticccba.org.br\/index.php\/wp-json\/wp\/v2\/posts"}],"about":[{"href":"https:\/\/sindticccba.org.br\/index.php\/wp-json\/wp\/v2\/types\/post"}],"author":[{"embeddable":true,"href":"https:\/\/sindticccba.org.br\/index.php\/wp-json\/wp\/v2\/users\/4"}],"replies":[{"embeddable":true,"href":"https:\/\/sindticccba.org.br\/index.php\/wp-json\/wp\/v2\/comments?post=1931"}],"version-history":[{"count":2,"href":"https:\/\/sindticccba.org.br\/index.php\/wp-json\/wp\/v2\/posts\/1931\/revisions"}],"predecessor-version":[{"id":1935,"href":"https:\/\/sindticccba.org.br\/index.php\/wp-json\/wp\/v2\/posts\/1931\/revisions\/1935"}],"wp:featuredmedia":[{"embeddable":true,"href":"https:\/\/sindticccba.org.br\/index.php\/wp-json\/wp\/v2\/media\/1932"}],"wp:attachment":[{"href":"https:\/\/sindticccba.org.br\/index.php\/wp-json\/wp\/v2\/media?parent=1931"}],"wp:term":[{"taxonomy":"category","embeddable":true,"href":"https:\/\/sindticccba.org.br\/index.php\/wp-json\/wp\/v2\/categories?post=1931"},{"taxonomy":"post_tag","embeddable":true,"href":"https:\/\/sindticccba.org.br\/index.php\/wp-json\/wp\/v2\/tags?post=1931"}],"curies":[{"name":"wp","href":"https:\/\/api.w.org\/{rel}","templated":true}]}}