{"id":1928,"date":"2024-08-26T10:28:47","date_gmt":"2024-08-26T13:28:47","guid":{"rendered":"https:\/\/sindticccba.org.br\/?p=1928"},"modified":"2024-08-26T10:28:47","modified_gmt":"2024-08-26T13:28:47","slug":"ha-forte-suspeita-de-acao-intencional-em-incendios-de-sp-diz-marina","status":"publish","type":"post","link":"https:\/\/sindticccba.org.br\/index.php\/2024\/08\/26\/ha-forte-suspeita-de-acao-intencional-em-incendios-de-sp-diz-marina\/","title":{"rendered":"H\u00e1 forte suspeita de a\u00e7\u00e3o intencional em inc\u00eandios de SP, diz Marina"},"content":{"rendered":"<p><strong>Presidente e representantes do governo visitaram a sede do Prevfogo neste domingo para acompanhar os inc\u00eandios em S\u00e3o Paulo<\/strong><\/p>\n<figure id=\"attachment_1929\" aria-describedby=\"caption-attachment-1929\" style=\"width: 848px\" class=\"wp-caption alignnone\"><a href=\"https:\/\/sindticccba.org.br\/wp-content\/uploads\/2024\/08\/alexandre-padilha-marina-silva-25ago2024-848x477-1.png\"><img loading=\"lazy\" decoding=\"async\" src=\"https:\/\/sindticccba.org.br\/wp-content\/uploads\/2024\/08\/alexandre-padilha-marina-silva-25ago2024-848x477-1.png\" alt=\"\" width=\"848\" height=\"477\" class=\"size-full wp-image-1929\" srcset=\"https:\/\/sindticccba.org.br\/wp-content\/uploads\/2024\/08\/alexandre-padilha-marina-silva-25ago2024-848x477-1.png 848w, https:\/\/sindticccba.org.br\/wp-content\/uploads\/2024\/08\/alexandre-padilha-marina-silva-25ago2024-848x477-1-300x169.png 300w, https:\/\/sindticccba.org.br\/wp-content\/uploads\/2024\/08\/alexandre-padilha-marina-silva-25ago2024-848x477-1-768x432.png 768w, https:\/\/sindticccba.org.br\/wp-content\/uploads\/2024\/08\/alexandre-padilha-marina-silva-25ago2024-848x477-1-696x392.png 696w\" sizes=\"auto, (max-width: 848px) 100vw, 848px\" \/><\/a><figcaption id=\"caption-attachment-1929\" class=\"wp-caption-text\">Os ministros Alexandre Padilha (Rela\u00e7\u00f5es Institucionais) e Marina Silva (Meio Ambiente) concederam entrevista neste domingo (25.ago.2024)<br \/><\/figcaption><\/figure>\n<p>A ministra do Meio Ambiente, Marina Silva, afirmou neste domingo (25.ago.2024) que h\u00e1 forte suspeita de a\u00e7\u00e3o intencional nos inc\u00eandios registrados em S\u00e3o Paulo. Negou haver falha do governo do presidente Luiz In\u00e1cio Lula da Silva (PT) na preven\u00e7\u00e3o das queimadas. \u201cDiferentemente do desmatamento, voc\u00ea n\u00e3o fica com um agente dentro da tua fazenda ou da tua casa para ver se ele vai botar fogo. Portanto, n\u00e3o pode dizer que foi uma falha porque as campanhas de conscientiza\u00e7\u00e3o, todos os processos v\u00eam sendo feitos, por isso, as investiga\u00e7\u00f5es para saber se tem uma a\u00e7\u00e3o intencional no caso de S\u00e3o Paulo. Nos outros casos t\u00eam fortes suspeitas, sim, de a\u00e7\u00e3o intencional. Em S\u00e3o Paulo tamb\u00e9m, por isso que est\u00e1 sendo investigado\u201d, declarou Marina.<br \/>\nLeia mat\u00e9ria completa <a href=\"https:\/\/www.poder360.com.br\/poder-governo\/ha-forte-suspeita-de-acao-intencional-em-incendios-de-sp-diz-marina\/\" rel=\"noopener\" target=\"_blank\">aqui.<\/a><\/p>\n","protected":false},"excerpt":{"rendered":"<p>Presidente e representantes do governo visitaram a sede do Prevfogo neste domingo para acompanhar os inc\u00eandios em S\u00e3o Paulo A ministra do Meio Ambiente, Marina Silva, afirmou neste domingo (25.ago.2024) que h\u00e1 forte suspeita de a\u00e7\u00e3o intencional nos inc\u00eandios registrados em S\u00e3o Paulo. Negou haver falha do governo do presidente Luiz In\u00e1cio Lula da Silva [&hellip;]<\/p>\n","protected":false},"author":4,"featured_media":1929,"comment_status":"closed","ping_status":"closed","sticky":false,"template":"","format":"standard","meta":{"footnotes":""},"categories":[1],"tags":[],"class_list":{"0":"post-1928","1":"post","2":"type-post","3":"status-publish","4":"format-standard","5":"has-post-thumbnail","7":"category-noticias"},"_links":{"self":[{"href":"https:\/\/sindticccba.org.br\/index.php\/wp-json\/wp\/v2\/posts\/1928","targetHints":{"allow":["GET"]}}],"collection":[{"href":"https:\/\/sindticccba.org.br\/index.php\/wp-json\/wp\/v2\/posts"}],"about":[{"href":"https:\/\/sindticccba.org.br\/index.php\/wp-json\/wp\/v2\/types\/post"}],"author":[{"embeddable":true,"href":"https:\/\/sindticccba.org.br\/index.php\/wp-json\/wp\/v2\/users\/4"}],"replies":[{"embeddable":true,"href":"https:\/\/sindticccba.org.br\/index.php\/wp-json\/wp\/v2\/comments?post=1928"}],"version-history":[{"count":1,"href":"https:\/\/sindticccba.org.br\/index.php\/wp-json\/wp\/v2\/posts\/1928\/revisions"}],"predecessor-version":[{"id":1930,"href":"https:\/\/sindticccba.org.br\/index.php\/wp-json\/wp\/v2\/posts\/1928\/revisions\/1930"}],"wp:featuredmedia":[{"embeddable":true,"href":"https:\/\/sindticccba.org.br\/index.php\/wp-json\/wp\/v2\/media\/1929"}],"wp:attachment":[{"href":"https:\/\/sindticccba.org.br\/index.php\/wp-json\/wp\/v2\/media?parent=1928"}],"wp:term":[{"taxonomy":"category","embeddable":true,"href":"https:\/\/sindticccba.org.br\/index.php\/wp-json\/wp\/v2\/categories?post=1928"},{"taxonomy":"post_tag","embeddable":true,"href":"https:\/\/sindticccba.org.br\/index.php\/wp-json\/wp\/v2\/tags?post=1928"}],"curies":[{"name":"wp","href":"https:\/\/api.w.org\/{rel}","templated":true}]}}