{"id":1910,"date":"2024-08-21T12:30:18","date_gmt":"2024-08-21T15:30:18","guid":{"rendered":"https:\/\/sindticccba.org.br\/?p=1910"},"modified":"2024-08-21T12:41:34","modified_gmt":"2024-08-21T15:41:34","slug":"movimentos-sociais-e-partidos-entram-na-justica-contra-o-pacote-do-veneno","status":"publish","type":"post","link":"https:\/\/sindticccba.org.br\/index.php\/2024\/08\/21\/movimentos-sociais-e-partidos-entram-na-justica-contra-o-pacote-do-veneno\/","title":{"rendered":"Movimentos sociais e partidos entram na Justi\u00e7a contra o pacote do veneno"},"content":{"rendered":"<p>O pacote do veneno cont\u00e9m inconstitucionalidades. \u00c9 o que argumentam movimentos sociais<\/p>\n<p><a href=\"https:\/\/sindticccba.org.br\/wp-content\/uploads\/2024\/08\/agrotoxicos.jpg\"><img loading=\"lazy\" decoding=\"async\" class=\"alignnone size-large wp-image-1911\" src=\"https:\/\/sindticccba.org.br\/wp-content\/uploads\/2024\/08\/agrotoxicos-1024x643.jpg\" alt=\"\" width=\"696\" height=\"437\" srcset=\"https:\/\/sindticccba.org.br\/wp-content\/uploads\/2024\/08\/agrotoxicos-1024x643.jpg 1024w, https:\/\/sindticccba.org.br\/wp-content\/uploads\/2024\/08\/agrotoxicos-300x189.jpg 300w, https:\/\/sindticccba.org.br\/wp-content\/uploads\/2024\/08\/agrotoxicos-768x483.jpg 768w, https:\/\/sindticccba.org.br\/wp-content\/uploads\/2024\/08\/agrotoxicos-696x437.jpg 696w, https:\/\/sindticccba.org.br\/wp-content\/uploads\/2024\/08\/agrotoxicos-1068x671.jpg 1068w, https:\/\/sindticccba.org.br\/wp-content\/uploads\/2024\/08\/agrotoxicos.jpg 1200w\" sizes=\"auto, (max-width: 696px) 100vw, 696px\" \/><\/a><\/p>\n<p>A nova lei de agrot\u00f3xicos, conhecida como pacote do veneno, cont\u00e9m inconstitucionalidades. \u00c9 o que argumentam partidos pol\u00edticos e movimentos sociais. As entidades entraram com uma A\u00e7\u00e3o Direta de Inconstitucionalidade (ADI) junto ao Supremo Tribunal Federal (STF). \u201cQual o problema de termos mais fiscaliza\u00e7\u00e3o ambiental? N\u00e3o entendemos estes processos\u201d, afirma o presidente da Confedera\u00e7\u00e3o Nacional dos Trabalhadores Assalariados e Assalariadas Rurais (Contar), Gabriel Bezerra, ao reporter J\u00f4 Miyagui, do Seu Jornal.<br \/>\nUm dos pontos problem\u00e1ticos da lei aprovada durante o governo do ex-presidente Jair Bolsonaro (PL) \u00e9 o esvaziamento do poder da Ag\u00eancia de Vigil\u00e2ncia Sanit\u00e1ria (Anvisa) e do Instituo Brasileiro do Meio Ambiente (Ibama). De acordo com a proposta desenhada pela bancada ruralista de apoio ao ex-presidente, apenas o Minist\u00e9rio da Agricultura possui a responsabilidade de aprovar ou n\u00e3o o uso das subst\u00e2ncias. \u201cO Ibama tem um olhar forte na prote\u00e7\u00e3o ambiental e a Anvisa \u00e9 um \u00f3rg\u00e3o reconhecido e com experi\u00eancia\u201d, comenta Bezerra.<\/p>\n<p><em>(Fonte: TVT News, 19.08.2024)<\/em><\/p>\n<p>Assista \u00e0 reportagem sobre o pacote do veneno no Seu Jornal:<\/p>\n<p><iframe loading=\"lazy\" title=\"A\u00e7\u00e3o no STF contra a nova lei de agrot\u00f3xicos\" width=\"696\" height=\"392\" src=\"https:\/\/www.youtube.com\/embed\/7FKM_Hcmsmk?list=PLWOdS62CKLoLoesqRzfRfUxKPwIl4dykh\" frameborder=\"0\" allow=\"accelerometer; autoplay; clipboard-write; encrypted-media; gyroscope; picture-in-picture; web-share\" referrerpolicy=\"strict-origin-when-cross-origin\" allowfullscreen><\/iframe><\/p>\n","protected":false},"excerpt":{"rendered":"<p>O pacote do veneno cont\u00e9m inconstitucionalidades. \u00c9 o que argumentam movimentos sociais A nova lei de agrot\u00f3xicos, conhecida como pacote do veneno, cont\u00e9m inconstitucionalidades. \u00c9 o que argumentam partidos pol\u00edticos e movimentos sociais. As entidades entraram com uma A\u00e7\u00e3o Direta de Inconstitucionalidade (ADI) junto ao Supremo Tribunal Federal (STF). \u201cQual o problema de termos mais [&hellip;]<\/p>\n","protected":false},"author":4,"featured_media":1911,"comment_status":"closed","ping_status":"closed","sticky":false,"template":"","format":"standard","meta":{"footnotes":""},"categories":[1],"tags":[],"class_list":{"0":"post-1910","1":"post","2":"type-post","3":"status-publish","4":"format-standard","5":"has-post-thumbnail","7":"category-noticias"},"_links":{"self":[{"href":"https:\/\/sindticccba.org.br\/index.php\/wp-json\/wp\/v2\/posts\/1910","targetHints":{"allow":["GET"]}}],"collection":[{"href":"https:\/\/sindticccba.org.br\/index.php\/wp-json\/wp\/v2\/posts"}],"about":[{"href":"https:\/\/sindticccba.org.br\/index.php\/wp-json\/wp\/v2\/types\/post"}],"author":[{"embeddable":true,"href":"https:\/\/sindticccba.org.br\/index.php\/wp-json\/wp\/v2\/users\/4"}],"replies":[{"embeddable":true,"href":"https:\/\/sindticccba.org.br\/index.php\/wp-json\/wp\/v2\/comments?post=1910"}],"version-history":[{"count":2,"href":"https:\/\/sindticccba.org.br\/index.php\/wp-json\/wp\/v2\/posts\/1910\/revisions"}],"predecessor-version":[{"id":1919,"href":"https:\/\/sindticccba.org.br\/index.php\/wp-json\/wp\/v2\/posts\/1910\/revisions\/1919"}],"wp:featuredmedia":[{"embeddable":true,"href":"https:\/\/sindticccba.org.br\/index.php\/wp-json\/wp\/v2\/media\/1911"}],"wp:attachment":[{"href":"https:\/\/sindticccba.org.br\/index.php\/wp-json\/wp\/v2\/media?parent=1910"}],"wp:term":[{"taxonomy":"category","embeddable":true,"href":"https:\/\/sindticccba.org.br\/index.php\/wp-json\/wp\/v2\/categories?post=1910"},{"taxonomy":"post_tag","embeddable":true,"href":"https:\/\/sindticccba.org.br\/index.php\/wp-json\/wp\/v2\/tags?post=1910"}],"curies":[{"name":"wp","href":"https:\/\/api.w.org\/{rel}","templated":true}]}}