{"id":1901,"date":"2024-08-16T12:56:14","date_gmt":"2024-08-16T15:56:14","guid":{"rendered":"https:\/\/sindticccba.org.br\/?p=1901"},"modified":"2024-08-16T12:56:14","modified_gmt":"2024-08-16T15:56:14","slug":"sindticcc-presente-em-ato-a-memoria-de-vigilante","status":"publish","type":"post","link":"https:\/\/sindticccba.org.br\/index.php\/2024\/08\/16\/sindticcc-presente-em-ato-a-memoria-de-vigilante\/","title":{"rendered":"SINDTICCC PRESENTE EM ATO \u00c0 MEM\u00d3RIA DE VIGILANTE"},"content":{"rendered":"<p>Na manh\u00e3 desta sexta-feira, 16\/08, a diretoria do Sindticcc marcou presen\u00e7a no ato em frente \u00e0 empresa BYD, no Polo de Cama\u00e7ari, em mem\u00f3ria do vigilante Ailton Moreira da Silva, v\u00edtima de latroc\u00ednio no \u00faltimo dia 10\/08, durante seu turno de trabalho na empresa.<br \/>\nO evento solid\u00e1rio foi promovido pelo Sindmetropolitano, que representa os vigilantes de Cama\u00e7ari e regi\u00e3o. O coordenador-geral do Sindticcc, Antonio Ubirajara, participou do ato e manifestou o seu pesar pela tr\u00e1gica perda, solidarizando-se \u00e0 luta da categoria por mais seguran\u00e7a e melhores condi\u00e7\u00f5es de trabalho na \u00e1rea de seguran\u00e7a.<\/p>\n<figure id=\"attachment_1902\" aria-describedby=\"caption-attachment-1902\" style=\"width: 696px\" class=\"wp-caption alignnone\"><a href=\"https:\/\/sindticccba.org.br\/wp-content\/uploads\/2024\/08\/Ato-BYD.jpg\"><img loading=\"lazy\" decoding=\"async\" src=\"https:\/\/sindticccba.org.br\/wp-content\/uploads\/2024\/08\/Ato-BYD-826x1024.jpg\" alt=\"\" width=\"696\" height=\"863\" class=\"size-large wp-image-1902\" srcset=\"https:\/\/sindticccba.org.br\/wp-content\/uploads\/2024\/08\/Ato-BYD-826x1024.jpg 826w, https:\/\/sindticccba.org.br\/wp-content\/uploads\/2024\/08\/Ato-BYD-242x300.jpg 242w, https:\/\/sindticccba.org.br\/wp-content\/uploads\/2024\/08\/Ato-BYD-768x952.jpg 768w, https:\/\/sindticccba.org.br\/wp-content\/uploads\/2024\/08\/Ato-BYD-696x862.jpg 696w, https:\/\/sindticccba.org.br\/wp-content\/uploads\/2024\/08\/Ato-BYD.jpg 866w\" sizes=\"auto, (max-width: 696px) 100vw, 696px\" \/><\/a><figcaption id=\"caption-attachment-1902\" class=\"wp-caption-text\">Bira, coordenador-geral do SIndticcc, participou do ato em mem\u00f3ria do vigilante da BYD, no Polo de Cama\u00e7ari.<\/figcaption><\/figure>\n","protected":false},"excerpt":{"rendered":"<p>Na manh\u00e3 desta sexta-feira, 16\/08, a diretoria do Sindticcc marcou presen\u00e7a no ato em frente \u00e0 empresa BYD, no Polo de Cama\u00e7ari, em mem\u00f3ria do vigilante Ailton Moreira da Silva, v\u00edtima de latroc\u00ednio no \u00faltimo dia 10\/08, durante seu turno de trabalho na empresa. O evento solid\u00e1rio foi promovido pelo Sindmetropolitano, que representa os vigilantes [&hellip;]<\/p>\n","protected":false},"author":4,"featured_media":1902,"comment_status":"closed","ping_status":"closed","sticky":false,"template":"","format":"standard","meta":{"footnotes":""},"categories":[1],"tags":[],"class_list":{"0":"post-1901","1":"post","2":"type-post","3":"status-publish","4":"format-standard","5":"has-post-thumbnail","7":"category-noticias"},"_links":{"self":[{"href":"https:\/\/sindticccba.org.br\/index.php\/wp-json\/wp\/v2\/posts\/1901","targetHints":{"allow":["GET"]}}],"collection":[{"href":"https:\/\/sindticccba.org.br\/index.php\/wp-json\/wp\/v2\/posts"}],"about":[{"href":"https:\/\/sindticccba.org.br\/index.php\/wp-json\/wp\/v2\/types\/post"}],"author":[{"embeddable":true,"href":"https:\/\/sindticccba.org.br\/index.php\/wp-json\/wp\/v2\/users\/4"}],"replies":[{"embeddable":true,"href":"https:\/\/sindticccba.org.br\/index.php\/wp-json\/wp\/v2\/comments?post=1901"}],"version-history":[{"count":1,"href":"https:\/\/sindticccba.org.br\/index.php\/wp-json\/wp\/v2\/posts\/1901\/revisions"}],"predecessor-version":[{"id":1903,"href":"https:\/\/sindticccba.org.br\/index.php\/wp-json\/wp\/v2\/posts\/1901\/revisions\/1903"}],"wp:featuredmedia":[{"embeddable":true,"href":"https:\/\/sindticccba.org.br\/index.php\/wp-json\/wp\/v2\/media\/1902"}],"wp:attachment":[{"href":"https:\/\/sindticccba.org.br\/index.php\/wp-json\/wp\/v2\/media?parent=1901"}],"wp:term":[{"taxonomy":"category","embeddable":true,"href":"https:\/\/sindticccba.org.br\/index.php\/wp-json\/wp\/v2\/categories?post=1901"},{"taxonomy":"post_tag","embeddable":true,"href":"https:\/\/sindticccba.org.br\/index.php\/wp-json\/wp\/v2\/tags?post=1901"}],"curies":[{"name":"wp","href":"https:\/\/api.w.org\/{rel}","templated":true}]}}