{"id":1897,"date":"2024-08-14T13:10:29","date_gmt":"2024-08-14T16:10:29","guid":{"rendered":"https:\/\/sindticccba.org.br\/?p=1897"},"modified":"2024-08-14T13:10:29","modified_gmt":"2024-08-14T16:10:29","slug":"cut-lanca-carta-compromisso-para-que-candidatos-defendam-a-pauta-dos-trabalhadores","status":"publish","type":"post","link":"https:\/\/sindticccba.org.br\/index.php\/2024\/08\/14\/cut-lanca-carta-compromisso-para-que-candidatos-defendam-a-pauta-dos-trabalhadores\/","title":{"rendered":"CUT lan\u00e7a Carta Compromisso para que candidatos defendam a pauta dos trabalhadores"},"content":{"rendered":"<p><strong>CUT quer que candidatos \u00e0s c\u00e2maras municipais e \u00e0s prefeituras nas pr\u00f3ximas elei\u00e7\u00f5es, assumam compromissos em apoiar oito pontos de interesse da classe trabalhadora<\/strong><\/p>\n<p><a href=\"https:\/\/sindticccba.org.br\/wp-content\/uploads\/2024\/08\/Urna.jpeg\"><img loading=\"lazy\" decoding=\"async\" src=\"https:\/\/sindticccba.org.br\/wp-content\/uploads\/2024\/08\/Urna.jpeg\" alt=\"\" width=\"700\" height=\"460\" class=\"alignnone size-full wp-image-1898\" srcset=\"https:\/\/sindticccba.org.br\/wp-content\/uploads\/2024\/08\/Urna.jpeg 700w, https:\/\/sindticccba.org.br\/wp-content\/uploads\/2024\/08\/Urna-300x197.jpeg 300w, https:\/\/sindticccba.org.br\/wp-content\/uploads\/2024\/08\/Urna-696x457.jpeg 696w\" sizes=\"auto, (max-width: 700px) 100vw, 700px\" \/><\/a><\/p>\n<p>Com oito pontos que abrangem direitos dos trabalhadores e trabalhadoras da iniciativa privada e de servidores e servidoras p\u00fablicos, a CUT lan\u00e7ou uma \u201cCarta Compromisso\u201d direcionada aos candidatos e candidatas a vereadores e prefeitos para as pr\u00f3ximas elei\u00e7\u00f5es, que ser\u00e3o realizadas em outubro deste ano. No texto a ser assinado pelos candidatos e\/ou candidatas est\u00e3o os oito compromissos que compreendem desde gera\u00e7\u00e3o de emprego e renda como a valoriza\u00e7\u00e3o dos servidores p\u00fablicos a coibir ass\u00e9dios, entre outros. Veja abaixo.<\/p>\n<p>A presidenta interina da CUT Nacional, Juvandia Moreira , ressalta a necessidade de que os trabalhadores e dirigentes sindicais votem em quem tem compromisso com a defesa dos direitos trabalhistas e em a\u00e7\u00f5es que gerem emprego e renda visando o bem-estar da popula\u00e7\u00e3o. Ela defende ainda a participa\u00e7\u00e3o da entidade nos debates que interessam \u00e0 toda a sociedade, especialmente aos trabalhadores e \u00e0s trabalhadoras.<\/p>\n<p>Segundo ela, essas propostas precisam ser divulgadas e implementadas pelos governos federal, estadual e municipal e, foi o que ocorreu em 2022, ap\u00f3s a plataforma da classe trabalhadora ser entregue pela CUT ao presidente Lula que, inclusive, j\u00e1 implementou v\u00e1rios pontos da proposta.<\/p>\n<p>\u201c\u00c9 preciso fazer esse debate em todos os f\u00f3runs poss\u00edveis. As elei\u00e7\u00f5es s\u00e3o um espa\u00e7o important\u00edssimo. Quando n\u00f3s, quando da elei\u00e7\u00e3o do governo federal, discutimos com o presidente Lula a import\u00e2ncia da pol\u00edtica de valoriza\u00e7\u00e3o do sal\u00e1rio m\u00ednimo, o reajuste salarial do servidor p\u00fablico, a amplia\u00e7\u00e3o da isen\u00e7\u00e3o do imposto de renda e a retomada Minist\u00e9rio do Trabalho. Tudo isso foi discutido na campanha eleitoral, para que o trabalho tenha uma centralidade\u201d, conta Juvandia.<\/p>\n<p>A dirigente destaca o papel do servidor p\u00fablico para a sociedade e sobre a necessidade de valoriza\u00e7\u00e3o da categoria, principalmente nos munic\u00edpios em que h\u00e1 servidores ganhando sal\u00e1rios muito baixos, em condi\u00e7\u00f5es de trabalho precarizadas.<\/p>\n<p>\u201c\u00c9 preciso ter uma mesa permanente de negocia\u00e7\u00e3o, que haja o di\u00e1logo com a representa\u00e7\u00e3o sindical para olhar para a carreira do servidor, para as carreiras que est\u00e3o prejudicadas, os servi\u00e7os que est\u00e3o parados por falta de funcion\u00e1rio, como atender bem a popula\u00e7\u00e3o. Ent\u00e3o, tem v\u00e1rios dos nossos pontos da nossa pauta nessas elei\u00e7\u00f5es municipais\u201d, afirma.<\/p>\n<p>Outro ponto que precisa de aten\u00e7\u00e3o nessas elei\u00e7\u00f5es, segundo Juvandia, \u00e9 a qualidade de vida das pessoas e como elas s\u00e3o acolhidas, afinal \u00e9 nos munic\u00edpios que elas vivem, seja o trabalhador da ativa, seja o aposentado<\/p>\n<p>\u201cN\u00f3s temos uma s\u00e9rie de pol\u00edticas p\u00fablicas que passam pelo munic\u00edpio e temos trabalhadores nesses munic\u00edpios. Eles precisam ser recebidos. O agricultor familiar, que \u00e9 base da representa\u00e7\u00e3o nossa, precisa ter pol\u00edtica p\u00fablica para que consiga produzir na terra dele, escoar essa produ\u00e7\u00e3o, e essa produ\u00e7\u00e3o de alimentos chegue barata na mesa de outro trabalhador\u201d, afirma.<\/p>\n<p>A elei\u00e7\u00e3o deste ano \u00e9 uma grande oportunidade de debatermos com a popula\u00e7\u00e3o e com os candidatos quais s\u00e3o as propostas da classe trabalhadora para as cidades<br \/>\n&#8211; Juvandia Moreira<br \/>\nConfira os oito compromissos defendidos pela CUT<\/p>\n<p>1. Implementar as diretrizes e regras da Conven\u00e7\u00e3o 151 da OIT, assegurando o direito efetivo de negocia\u00e7\u00e3o coletiva \u00e0s entidades sindicais representativas dos servidores e das servidoras municipais, bem como dos trabalhadores e das trabalhadoras das empresas p\u00fablicas e autarquias eventualmente existentes no munic\u00edpio, visando assegurar condi\u00e7\u00f5es de trabalho e remunera\u00e7\u00e3o decentes.<br \/>\nRealizar concursos p\u00fablicos em todas as \u00e1reas.<br \/>\nCriar instrumentos eficazes para coibir pr\u00e1ticas de ass\u00e9dio moral, sexual e discrimina\u00e7\u00f5es de g\u00eanero, racial, de orienta\u00e7\u00e3o sexual e capacitistas.<br \/>\nCumprir com as obriga\u00e7\u00f5es previdenci\u00e1rias a fim de garantir a seguran\u00e7a dos servidores e servidoras na aposentadoria.<br \/>\nEstabelecer e manter permanente di\u00e1logo social com entidades representativas dos servidores e das servidoras municipais, de trabalhadores e trabalhadoras de empresas p\u00fablicas e autarquias, inclusive de empresas terceirizadas, quando estas n\u00e3o respeitarem os direitos trabalhistas e previdenci\u00e1rios.<br \/>\nRespeitar e assegurar condi\u00e7\u00f5es objetivas para o exerc\u00edcio das atividades sindicais aos e \u00e0s dirigentes, assegurando as libera\u00e7\u00f5es solicitadas, a garantia de emprego, bem como o acesso aos locais de trabalho.<br \/>\nImplementar programas de qualifica\u00e7\u00e3o e atualiza\u00e7\u00e3o profissional, voltados a atender as necessidades dos servidores e das servidoras em face do impacto das transforma\u00e7\u00f5es tecnol\u00f3gicas, dentre elas o uso da Intelig\u00eancia Artificial.<br \/>\nDesenvolver iniciativas pol\u00edticas de industrializa\u00e7\u00e3o para gerar empregos decentes e renda no munic\u00edpio.<br \/>\n<a href=\"https:\/\/assets.cut.org.br\/system\/uploads\/ck\/Carta%20Compromisso%20CUT%20Eleic%CC%A7o%CC%83es%202024.pdf\" rel=\"noopener\" target=\"_blank\">Clique aqui<\/a> para baixar a Carta Compromisso<\/p>\n","protected":false},"excerpt":{"rendered":"<p>CUT quer que candidatos \u00e0s c\u00e2maras municipais e \u00e0s prefeituras nas pr\u00f3ximas elei\u00e7\u00f5es, assumam compromissos em apoiar oito pontos de interesse da classe trabalhadora Com oito pontos que abrangem direitos dos trabalhadores e trabalhadoras da iniciativa privada e de servidores e servidoras p\u00fablicos, a CUT lan\u00e7ou uma \u201cCarta Compromisso\u201d direcionada aos candidatos e candidatas a [&hellip;]<\/p>\n","protected":false},"author":4,"featured_media":1898,"comment_status":"closed","ping_status":"closed","sticky":false,"template":"","format":"standard","meta":{"footnotes":""},"categories":[1],"tags":[],"class_list":{"0":"post-1897","1":"post","2":"type-post","3":"status-publish","4":"format-standard","5":"has-post-thumbnail","7":"category-noticias"},"_links":{"self":[{"href":"https:\/\/sindticccba.org.br\/index.php\/wp-json\/wp\/v2\/posts\/1897","targetHints":{"allow":["GET"]}}],"collection":[{"href":"https:\/\/sindticccba.org.br\/index.php\/wp-json\/wp\/v2\/posts"}],"about":[{"href":"https:\/\/sindticccba.org.br\/index.php\/wp-json\/wp\/v2\/types\/post"}],"author":[{"embeddable":true,"href":"https:\/\/sindticccba.org.br\/index.php\/wp-json\/wp\/v2\/users\/4"}],"replies":[{"embeddable":true,"href":"https:\/\/sindticccba.org.br\/index.php\/wp-json\/wp\/v2\/comments?post=1897"}],"version-history":[{"count":1,"href":"https:\/\/sindticccba.org.br\/index.php\/wp-json\/wp\/v2\/posts\/1897\/revisions"}],"predecessor-version":[{"id":1899,"href":"https:\/\/sindticccba.org.br\/index.php\/wp-json\/wp\/v2\/posts\/1897\/revisions\/1899"}],"wp:featuredmedia":[{"embeddable":true,"href":"https:\/\/sindticccba.org.br\/index.php\/wp-json\/wp\/v2\/media\/1898"}],"wp:attachment":[{"href":"https:\/\/sindticccba.org.br\/index.php\/wp-json\/wp\/v2\/media?parent=1897"}],"wp:term":[{"taxonomy":"category","embeddable":true,"href":"https:\/\/sindticccba.org.br\/index.php\/wp-json\/wp\/v2\/categories?post=1897"},{"taxonomy":"post_tag","embeddable":true,"href":"https:\/\/sindticccba.org.br\/index.php\/wp-json\/wp\/v2\/tags?post=1897"}],"curies":[{"name":"wp","href":"https:\/\/api.w.org\/{rel}","templated":true}]}}