{"id":1863,"date":"2024-07-16T16:10:23","date_gmt":"2024-07-16T19:10:23","guid":{"rendered":"https:\/\/sindticccba.org.br\/?p=1863"},"modified":"2024-07-16T16:10:23","modified_gmt":"2024-07-16T19:10:23","slug":"teste-do-olhinho-amplia-diagnostico-de-doencas-oftalmologicas-na-maternidade-regional-de-camacari","status":"publish","type":"post","link":"https:\/\/sindticccba.org.br\/index.php\/2024\/07\/16\/teste-do-olhinho-amplia-diagnostico-de-doencas-oftalmologicas-na-maternidade-regional-de-camacari\/","title":{"rendered":"Teste do Olhinho amplia diagn\u00f3stico de doen\u00e7as oftalmol\u00f3gicas na Maternidade Regional de Cama\u00e7ari"},"content":{"rendered":"<p style=\"text-align: justify;\">Indolor, r\u00e1pido e capaz de detectar doen\u00e7as oculares que, se n\u00e3o tratadas, podem levar \u00e0 perda da vis\u00e3o. O Teste do Reflexo Vermelho (TRV), tamb\u00e9m conhecido como Teste do Olhinho, tem sido um grande aliado na detec\u00e7\u00e3o de doen\u00e7as oftalmol\u00f3gicas na Maternidade Regional de Cama\u00e7ari, unidade da Secretaria da Sa\u00fade da Bahia (Sesab) gerida pela Funda\u00e7\u00e3o Estatal Sa\u00fade da Fam\u00edlia (Fesf-SUS).<\/p>\n<p style=\"text-align: justify;\">At\u00e9 junho de 2024, mais de 4,2 mil testes j\u00e1 foram realizados, ampliando a triagem e o diagn\u00f3stico de doen\u00e7as como retinoblastoma e catarata cong\u00eanita, uma das principais causas de cegueira infantil no mundo, como explica a pediatra Verbena Estrela. \u201c\u00c9 um exame muito importante para triagem de algumas doen\u00e7as oftalmol\u00f3gicas que podem ser diagnosticadas no rec\u00e9m-nascido. Caso alguma altera\u00e7\u00e3o seja detectada no decorrer do teste, encaminhamos o beb\u00ea para um m\u00e9dico oftalmologista para ser feito o exame de fundo de olho, podendo, assim, fechar o diagn\u00f3stico\u201d, detalha.<\/p>\n<figure id=\"attachment_1864\" aria-describedby=\"caption-attachment-1864\" style=\"width: 300px\" class=\"wp-caption alignnone\"><img loading=\"lazy\" decoding=\"async\" class=\"size-medium wp-image-1864\" src=\"https:\/\/sindticccba.org.br\/wp-content\/uploads\/2024\/07\/Bebe-300x200.jpg\" alt=\"\" width=\"300\" height=\"200\" srcset=\"https:\/\/sindticccba.org.br\/wp-content\/uploads\/2024\/07\/Bebe-300x200.jpg 300w, https:\/\/sindticccba.org.br\/wp-content\/uploads\/2024\/07\/Bebe-768x512.jpg 768w, https:\/\/sindticccba.org.br\/wp-content\/uploads\/2024\/07\/Bebe-696x464.jpg 696w, https:\/\/sindticccba.org.br\/wp-content\/uploads\/2024\/07\/Bebe.jpg 900w\" sizes=\"auto, (max-width: 300px) 100vw, 300px\" \/><figcaption id=\"caption-attachment-1864\" class=\"wp-caption-text\">Foto: Mallu Silva\/Ascom Fesf-SUS<\/figcaption><\/figure>\n<p style=\"text-align: justify;\">M\u00e3e do pequeno Davi, de pouco mais de dois dias de vida, a dona de casa Alvina Moreira, de 39 anos, destaca a comodidade de poder realizar o exame na pr\u00f3pria maternidade. O Minist\u00e9rio da Sa\u00fade preconiza que o Teste do Olhinho deve ser realizado at\u00e9 a primeira semana de vida ou antes da alta m\u00e9dica.<\/p>\n<figure id=\"attachment_1865\" aria-describedby=\"caption-attachment-1865\" style=\"width: 300px\" class=\"wp-caption alignnone\"><img loading=\"lazy\" decoding=\"async\" class=\"size-medium wp-image-1865\" src=\"https:\/\/sindticccba.org.br\/wp-content\/uploads\/2024\/07\/Bebe-2-300x200.jpg\" alt=\"\" width=\"300\" height=\"200\" srcset=\"https:\/\/sindticccba.org.br\/wp-content\/uploads\/2024\/07\/Bebe-2-300x200.jpg 300w, https:\/\/sindticccba.org.br\/wp-content\/uploads\/2024\/07\/Bebe-2-768x512.jpg 768w, https:\/\/sindticccba.org.br\/wp-content\/uploads\/2024\/07\/Bebe-2-696x464.jpg 696w, https:\/\/sindticccba.org.br\/wp-content\/uploads\/2024\/07\/Bebe-2.jpg 900w\" sizes=\"auto, (max-width: 300px) 100vw, 300px\" \/><figcaption id=\"caption-attachment-1865\" class=\"wp-caption-text\">Foto: Mallu Silva\/Ascom Fesf-SUS<\/figcaption><\/figure>\n<p style=\"text-align: justify;\">\u201cGostei muito do atendimento desde o parto at\u00e9 o cuidado com o meu beb\u00ea. A m\u00e9dica explicou tudo para a gente sobre a import\u00e2ncia que esse teste tem no processo de diagnosticar doen\u00e7as e n\u00f3s ficamos muito felizes com a aten\u00e7\u00e3o. Ter a oportunidade de fazer esse exame aqui na maternidade mesmo, com todo conforto, \u00e9 \u00f3timo\u201d, comemora.<\/p>\n<p style=\"text-align: justify;\"><strong>A unidade<\/strong><\/p>\n<p style=\"text-align: justify;\">A Maternidade Regional de Cama\u00e7ari atende tanto por regula\u00e7\u00e3o, via Secretaria da Sa\u00fade do Estado da Bahia (Sesab), quanto por demanda espont\u00e2nea, realizando todos os procedimentos, de forma gratuita, pelo Sistema \u00danico de Sa\u00fade (SUS). \u00c9 refer\u00eancia para parto de risco habitual e alto risco de gestantes residentes em Cama\u00e7ari, Conde, Dias D\u2019\u00e1vila, Mata de S\u00e3o Jo\u00e3o, Pojuca e Sim\u00f5es Filho.<\/p>\n<p style=\"text-align: justify;\">A unidade conta com 105 leitos, sendo 56 de obstetr\u00edcia; oito de gesta\u00e7\u00e3o de alto risco; quatro de cirurgia ginecol\u00f3gica; quatro de cirurgia pl\u00e1stica; oito de neonatologia cl\u00ednica; dez de terapia intensiva (UTI) neonatal; dez de cuidados intermedi\u00e1rios (UCI) convencional; e cinco de UCI Canguru.<\/p>\n<p style=\"text-align: justify;\"><span style=\"font-size: 10px;\"><em>Fonte: Ascom\/Fesf-SUS<\/em><\/span><\/p>\n","protected":false},"excerpt":{"rendered":"<p>Indolor, r\u00e1pido e capaz de detectar doen\u00e7as oculares que, se n\u00e3o tratadas, podem levar \u00e0 perda da vis\u00e3o. O Teste do Reflexo Vermelho (TRV), tamb\u00e9m conhecido como Teste do Olhinho, tem sido um grande aliado na detec\u00e7\u00e3o de doen\u00e7as oftalmol\u00f3gicas na Maternidade Regional de Cama\u00e7ari, unidade da Secretaria da Sa\u00fade da Bahia (Sesab) gerida pela [&hellip;]<\/p>\n","protected":false},"author":2,"featured_media":1864,"comment_status":"closed","ping_status":"closed","sticky":false,"template":"","format":"standard","meta":{"footnotes":""},"categories":[1],"tags":[],"class_list":{"0":"post-1863","1":"post","2":"type-post","3":"status-publish","4":"format-standard","5":"has-post-thumbnail","7":"category-noticias"},"_links":{"self":[{"href":"https:\/\/sindticccba.org.br\/index.php\/wp-json\/wp\/v2\/posts\/1863","targetHints":{"allow":["GET"]}}],"collection":[{"href":"https:\/\/sindticccba.org.br\/index.php\/wp-json\/wp\/v2\/posts"}],"about":[{"href":"https:\/\/sindticccba.org.br\/index.php\/wp-json\/wp\/v2\/types\/post"}],"author":[{"embeddable":true,"href":"https:\/\/sindticccba.org.br\/index.php\/wp-json\/wp\/v2\/users\/2"}],"replies":[{"embeddable":true,"href":"https:\/\/sindticccba.org.br\/index.php\/wp-json\/wp\/v2\/comments?post=1863"}],"version-history":[{"count":1,"href":"https:\/\/sindticccba.org.br\/index.php\/wp-json\/wp\/v2\/posts\/1863\/revisions"}],"predecessor-version":[{"id":1866,"href":"https:\/\/sindticccba.org.br\/index.php\/wp-json\/wp\/v2\/posts\/1863\/revisions\/1866"}],"wp:featuredmedia":[{"embeddable":true,"href":"https:\/\/sindticccba.org.br\/index.php\/wp-json\/wp\/v2\/media\/1864"}],"wp:attachment":[{"href":"https:\/\/sindticccba.org.br\/index.php\/wp-json\/wp\/v2\/media?parent=1863"}],"wp:term":[{"taxonomy":"category","embeddable":true,"href":"https:\/\/sindticccba.org.br\/index.php\/wp-json\/wp\/v2\/categories?post=1863"},{"taxonomy":"post_tag","embeddable":true,"href":"https:\/\/sindticccba.org.br\/index.php\/wp-json\/wp\/v2\/tags?post=1863"}],"curies":[{"name":"wp","href":"https:\/\/api.w.org\/{rel}","templated":true}]}}