{"id":1844,"date":"2024-07-12T12:15:55","date_gmt":"2024-07-12T15:15:55","guid":{"rendered":"https:\/\/sindticccba.org.br\/?p=1844"},"modified":"2024-07-12T12:15:55","modified_gmt":"2024-07-12T15:15:55","slug":"lauro-de-freitas-sindticcc-faz-assembleia-e-distribui-cestas-basicas-aos-filiados-do-consorcio-bolandeira","status":"publish","type":"post","link":"https:\/\/sindticccba.org.br\/index.php\/2024\/07\/12\/lauro-de-freitas-sindticcc-faz-assembleia-e-distribui-cestas-basicas-aos-filiados-do-consorcio-bolandeira\/","title":{"rendered":"LAURO DE FREITAS: SINDTICCC FAZ ASSEMBLEIA E DISTRIBUI CESTAS B\u00c1SICAS AOS FILIADOS DO CONS\u00d3RCIO BOLANDEIRA"},"content":{"rendered":"<p><a href=\"https:\/\/sindticccba.org.br\/wp-content\/uploads\/2024\/07\/92dae1e0-7767-44c2-a85c-7ac37d0f6b63.jpg\"><img loading=\"lazy\" decoding=\"async\" class=\"alignnone size-large wp-image-1845\" src=\"https:\/\/sindticccba.org.br\/wp-content\/uploads\/2024\/07\/92dae1e0-7767-44c2-a85c-7ac37d0f6b63-768x1024.jpg\" alt=\"\" width=\"696\" height=\"928\" srcset=\"https:\/\/sindticccba.org.br\/wp-content\/uploads\/2024\/07\/92dae1e0-7767-44c2-a85c-7ac37d0f6b63-768x1024.jpg 768w, https:\/\/sindticccba.org.br\/wp-content\/uploads\/2024\/07\/92dae1e0-7767-44c2-a85c-7ac37d0f6b63-225x300.jpg 225w, https:\/\/sindticccba.org.br\/wp-content\/uploads\/2024\/07\/92dae1e0-7767-44c2-a85c-7ac37d0f6b63-696x928.jpg 696w, https:\/\/sindticccba.org.br\/wp-content\/uploads\/2024\/07\/92dae1e0-7767-44c2-a85c-7ac37d0f6b63.jpg 960w\" sizes=\"auto, (max-width: 696px) 100vw, 696px\" \/><\/a><\/p>\n<p>Ontem, 11\/07, foi dia de encontro com os trabalhadores do Cons\u00f3rcio Bolandeira, terceirizada que presta servi\u00e7os \u00e0 Embasa em Lauro de Freitas. Pela manh\u00e3, a diretoria do Sindticcc realizou uma assembleia com a categoria, quando foram distribu\u00eddas cestas b\u00e1sicas aos trabalhadores filiados ao sindicato. Os empregados do Cons\u00f3rcio Bolandeira recebem cesta b\u00e1sica da empresa via cart\u00e3o, mas o Sindticcc resolveu contemplar sua base filiada com cestas b\u00e1sicas in natura.<br \/>\nParticiparam do encontro o coordenador-geral Antonio Ubirajara e os diretores Edgar, Jos\u00e9 N\u00edlson e Aurino. Nosso agradecimento especial ao diretor de base Edvaldo, com atua\u00e7\u00e3o destacada junto \u00e0 base da constru\u00e7\u00e3o civil predial em Lauro de Freitas.<br \/>\nTamo junto, companheiros. S\u00f3 conquista quem luta!<\/p>\n<p><a href=\"https:\/\/sindticccba.org.br\/wp-content\/uploads\/2024\/07\/bde3ff52-143d-425a-842a-839736736223.jpg\"><img loading=\"lazy\" decoding=\"async\" class=\"alignnone size-large wp-image-1847\" src=\"https:\/\/sindticccba.org.br\/wp-content\/uploads\/2024\/07\/bde3ff52-143d-425a-842a-839736736223-768x1024.jpg\" alt=\"\" width=\"696\" height=\"928\" srcset=\"https:\/\/sindticccba.org.br\/wp-content\/uploads\/2024\/07\/bde3ff52-143d-425a-842a-839736736223-768x1024.jpg 768w, https:\/\/sindticccba.org.br\/wp-content\/uploads\/2024\/07\/bde3ff52-143d-425a-842a-839736736223-225x300.jpg 225w, https:\/\/sindticccba.org.br\/wp-content\/uploads\/2024\/07\/bde3ff52-143d-425a-842a-839736736223-696x928.jpg 696w, https:\/\/sindticccba.org.br\/wp-content\/uploads\/2024\/07\/bde3ff52-143d-425a-842a-839736736223.jpg 960w\" sizes=\"auto, (max-width: 696px) 100vw, 696px\" \/><\/a><a href=\"https:\/\/sindticccba.org.br\/wp-content\/uploads\/2024\/07\/2e0b60ca-6cd2-496a-97d6-33746eb0e913.jpg\"><img loading=\"lazy\" decoding=\"async\" class=\"alignnone size-large wp-image-1848\" src=\"https:\/\/sindticccba.org.br\/wp-content\/uploads\/2024\/07\/2e0b60ca-6cd2-496a-97d6-33746eb0e913-768x1024.jpg\" alt=\"\" width=\"696\" height=\"928\" srcset=\"https:\/\/sindticccba.org.br\/wp-content\/uploads\/2024\/07\/2e0b60ca-6cd2-496a-97d6-33746eb0e913-768x1024.jpg 768w, https:\/\/sindticccba.org.br\/wp-content\/uploads\/2024\/07\/2e0b60ca-6cd2-496a-97d6-33746eb0e913-225x300.jpg 225w, https:\/\/sindticccba.org.br\/wp-content\/uploads\/2024\/07\/2e0b60ca-6cd2-496a-97d6-33746eb0e913-696x928.jpg 696w, https:\/\/sindticccba.org.br\/wp-content\/uploads\/2024\/07\/2e0b60ca-6cd2-496a-97d6-33746eb0e913.jpg 960w\" sizes=\"auto, (max-width: 696px) 100vw, 696px\" \/><\/a><a href=\"https:\/\/sindticccba.org.br\/wp-content\/uploads\/2024\/07\/54e57440-3634-45ee-b061-d5acd7185ad6.jpg\"><img loading=\"lazy\" decoding=\"async\" class=\"alignnone size-large wp-image-1849\" src=\"https:\/\/sindticccba.org.br\/wp-content\/uploads\/2024\/07\/54e57440-3634-45ee-b061-d5acd7185ad6-1024x768.jpg\" alt=\"\" width=\"696\" height=\"522\" srcset=\"https:\/\/sindticccba.org.br\/wp-content\/uploads\/2024\/07\/54e57440-3634-45ee-b061-d5acd7185ad6-1024x768.jpg 1024w, https:\/\/sindticccba.org.br\/wp-content\/uploads\/2024\/07\/54e57440-3634-45ee-b061-d5acd7185ad6-300x225.jpg 300w, https:\/\/sindticccba.org.br\/wp-content\/uploads\/2024\/07\/54e57440-3634-45ee-b061-d5acd7185ad6-768x576.jpg 768w, https:\/\/sindticccba.org.br\/wp-content\/uploads\/2024\/07\/54e57440-3634-45ee-b061-d5acd7185ad6-696x522.jpg 696w, https:\/\/sindticccba.org.br\/wp-content\/uploads\/2024\/07\/54e57440-3634-45ee-b061-d5acd7185ad6-1068x801.jpg 1068w, https:\/\/sindticccba.org.br\/wp-content\/uploads\/2024\/07\/54e57440-3634-45ee-b061-d5acd7185ad6-265x198.jpg 265w, https:\/\/sindticccba.org.br\/wp-content\/uploads\/2024\/07\/54e57440-3634-45ee-b061-d5acd7185ad6.jpg 1280w\" sizes=\"auto, (max-width: 696px) 100vw, 696px\" \/><\/a><\/p>\n","protected":false},"excerpt":{"rendered":"<p>Ontem, 11\/07, foi dia de encontro com os trabalhadores do Cons\u00f3rcio Bolandeira, terceirizada que presta servi\u00e7os \u00e0 Embasa em Lauro de Freitas. Pela manh\u00e3, a diretoria do Sindticcc realizou uma assembleia com a categoria, quando foram distribu\u00eddas cestas b\u00e1sicas aos trabalhadores filiados ao sindicato. Os empregados do Cons\u00f3rcio Bolandeira recebem cesta b\u00e1sica da empresa via [&hellip;]<\/p>\n","protected":false},"author":4,"featured_media":1847,"comment_status":"closed","ping_status":"closed","sticky":false,"template":"","format":"standard","meta":{"footnotes":""},"categories":[1],"tags":[],"class_list":{"0":"post-1844","1":"post","2":"type-post","3":"status-publish","4":"format-standard","5":"has-post-thumbnail","7":"category-noticias"},"_links":{"self":[{"href":"https:\/\/sindticccba.org.br\/index.php\/wp-json\/wp\/v2\/posts\/1844","targetHints":{"allow":["GET"]}}],"collection":[{"href":"https:\/\/sindticccba.org.br\/index.php\/wp-json\/wp\/v2\/posts"}],"about":[{"href":"https:\/\/sindticccba.org.br\/index.php\/wp-json\/wp\/v2\/types\/post"}],"author":[{"embeddable":true,"href":"https:\/\/sindticccba.org.br\/index.php\/wp-json\/wp\/v2\/users\/4"}],"replies":[{"embeddable":true,"href":"https:\/\/sindticccba.org.br\/index.php\/wp-json\/wp\/v2\/comments?post=1844"}],"version-history":[{"count":1,"href":"https:\/\/sindticccba.org.br\/index.php\/wp-json\/wp\/v2\/posts\/1844\/revisions"}],"predecessor-version":[{"id":1850,"href":"https:\/\/sindticccba.org.br\/index.php\/wp-json\/wp\/v2\/posts\/1844\/revisions\/1850"}],"wp:featuredmedia":[{"embeddable":true,"href":"https:\/\/sindticccba.org.br\/index.php\/wp-json\/wp\/v2\/media\/1847"}],"wp:attachment":[{"href":"https:\/\/sindticccba.org.br\/index.php\/wp-json\/wp\/v2\/media?parent=1844"}],"wp:term":[{"taxonomy":"category","embeddable":true,"href":"https:\/\/sindticccba.org.br\/index.php\/wp-json\/wp\/v2\/categories?post=1844"},{"taxonomy":"post_tag","embeddable":true,"href":"https:\/\/sindticccba.org.br\/index.php\/wp-json\/wp\/v2\/tags?post=1844"}],"curies":[{"name":"wp","href":"https:\/\/api.w.org\/{rel}","templated":true}]}}