{"id":1833,"date":"2024-07-04T22:01:14","date_gmt":"2024-07-05T01:01:14","guid":{"rendered":"https:\/\/sindticccba.org.br\/?p=1833"},"modified":"2024-07-04T22:02:05","modified_gmt":"2024-07-05T01:02:05","slug":"sindticcc-participa-de-inauguracao-de-escola-de-tempo-integral-em-abrantes","status":"publish","type":"post","link":"https:\/\/sindticccba.org.br\/index.php\/2024\/07\/04\/sindticcc-participa-de-inauguracao-de-escola-de-tempo-integral-em-abrantes\/","title":{"rendered":"SINDTICCC PARTICIPA DE INAUGURA\u00c7\u00c3O DE ESCOLA DE TEMPO INTEGRAL EM ABRANTES"},"content":{"rendered":"<figure id=\"attachment_1834\" aria-describedby=\"caption-attachment-1834\" style=\"width: 696px\" class=\"wp-caption alignnone\"><a href=\"https:\/\/sindticccba.org.br\/wp-content\/uploads\/2024\/07\/Bira-em-Abrantes.jpg\"><img loading=\"lazy\" decoding=\"async\" src=\"https:\/\/sindticccba.org.br\/wp-content\/uploads\/2024\/07\/Bira-em-Abrantes-768x1024.jpg\" alt=\"\" width=\"696\" height=\"928\" class=\"size-large wp-image-1834\" srcset=\"https:\/\/sindticccba.org.br\/wp-content\/uploads\/2024\/07\/Bira-em-Abrantes-768x1024.jpg 768w, https:\/\/sindticccba.org.br\/wp-content\/uploads\/2024\/07\/Bira-em-Abrantes-225x300.jpg 225w, https:\/\/sindticccba.org.br\/wp-content\/uploads\/2024\/07\/Bira-em-Abrantes-696x928.jpg 696w, https:\/\/sindticccba.org.br\/wp-content\/uploads\/2024\/07\/Bira-em-Abrantes.jpg 960w\" sizes=\"auto, (max-width: 696px) 100vw, 696px\" \/><\/a><figcaption id=\"caption-attachment-1834\" class=\"wp-caption-text\">Bira ao lado do secret\u00e1rio estadual de Rela\u00e7\u00f5es Institucionais, Adolpho Loyola<\/figcaption><\/figure>\n<p>O coordenador-geral do Sindticcc, Antonio Ubirajara, participou hoje, 04\/07, da inaugura\u00e7\u00e3o da Escola de Tempo Integral de Vilas de Abrantes, orla de Cama\u00e7ari. A entrega da nova unidade escolar reuniu v\u00e1rias autoridades, parlamentares, educadores e estudantes. Na foto, Bira ao lado do secret\u00e1rio estadual de Rela\u00e7\u00f5es Institucionais, Adolpho Loyola.<\/p>\n","protected":false},"excerpt":{"rendered":"<p>O coordenador-geral do Sindticcc, Antonio Ubirajara, participou hoje, 04\/07, da inaugura\u00e7\u00e3o da Escola de Tempo Integral de Vilas de Abrantes, orla de Cama\u00e7ari. A entrega da nova unidade escolar reuniu v\u00e1rias autoridades, parlamentares, educadores e estudantes. Na foto, Bira ao lado do secret\u00e1rio estadual de Rela\u00e7\u00f5es Institucionais, Adolpho Loyola.<\/p>\n","protected":false},"author":4,"featured_media":1834,"comment_status":"closed","ping_status":"closed","sticky":false,"template":"","format":"standard","meta":{"footnotes":""},"categories":[1],"tags":[],"class_list":{"0":"post-1833","1":"post","2":"type-post","3":"status-publish","4":"format-standard","5":"has-post-thumbnail","7":"category-noticias"},"_links":{"self":[{"href":"https:\/\/sindticccba.org.br\/index.php\/wp-json\/wp\/v2\/posts\/1833","targetHints":{"allow":["GET"]}}],"collection":[{"href":"https:\/\/sindticccba.org.br\/index.php\/wp-json\/wp\/v2\/posts"}],"about":[{"href":"https:\/\/sindticccba.org.br\/index.php\/wp-json\/wp\/v2\/types\/post"}],"author":[{"embeddable":true,"href":"https:\/\/sindticccba.org.br\/index.php\/wp-json\/wp\/v2\/users\/4"}],"replies":[{"embeddable":true,"href":"https:\/\/sindticccba.org.br\/index.php\/wp-json\/wp\/v2\/comments?post=1833"}],"version-history":[{"count":3,"href":"https:\/\/sindticccba.org.br\/index.php\/wp-json\/wp\/v2\/posts\/1833\/revisions"}],"predecessor-version":[{"id":1837,"href":"https:\/\/sindticccba.org.br\/index.php\/wp-json\/wp\/v2\/posts\/1833\/revisions\/1837"}],"wp:featuredmedia":[{"embeddable":true,"href":"https:\/\/sindticccba.org.br\/index.php\/wp-json\/wp\/v2\/media\/1834"}],"wp:attachment":[{"href":"https:\/\/sindticccba.org.br\/index.php\/wp-json\/wp\/v2\/media?parent=1833"}],"wp:term":[{"taxonomy":"category","embeddable":true,"href":"https:\/\/sindticccba.org.br\/index.php\/wp-json\/wp\/v2\/categories?post=1833"},{"taxonomy":"post_tag","embeddable":true,"href":"https:\/\/sindticccba.org.br\/index.php\/wp-json\/wp\/v2\/tags?post=1833"}],"curies":[{"name":"wp","href":"https:\/\/api.w.org\/{rel}","templated":true}]}}