{"id":1795,"date":"2024-06-19T13:19:00","date_gmt":"2024-06-19T16:19:00","guid":{"rendered":"https:\/\/sindticccba.org.br\/?p=1795"},"modified":"2024-06-19T13:19:00","modified_gmt":"2024-06-19T16:19:00","slug":"sindticcc-participa-de-ato-em-apoio-a-instalacao-da-5a-vara-do-trabalho-em-camacari","status":"publish","type":"post","link":"https:\/\/sindticccba.org.br\/index.php\/2024\/06\/19\/sindticcc-participa-de-ato-em-apoio-a-instalacao-da-5a-vara-do-trabalho-em-camacari\/","title":{"rendered":"SINDTICCC PARTICIPA DE ATO EM APOIO \u00c0 INSTALA\u00c7\u00c3O DA 5\u00aa VARA DO TRABALHO EM CAMA\u00c7ARI"},"content":{"rendered":"<p>Na manh\u00e3 desta quarta-feira, 19\/06, na sede da Justi\u00e7a do Trabalho de Cama\u00e7ari, aconteceu um ato de apoio \u00e0 instala\u00e7\u00e3o da 5\u00aa Vara do Trabalho, uma reivindica\u00e7\u00e3o de trabalhadores, sindicatos e advogados. Al\u00e9m da nova Vara para a Justi\u00e7a de Trabalho do munic\u00edpio, a luta \u00e9 pela disponibiliza\u00e7\u00e3o de uma Sala de Per\u00edcias M\u00e9dicas, para que os trabalhadores da regi\u00e3o n\u00e3o tenham que se deslocar at\u00e9 Salvador para fazer per\u00edcia.<br \/>\nO Sindticcc participou ativamente do evento, que reuniu dirigentes sindicais, autoridades e profissionais do Direito. O coordenador-geral do Sindticcc, Antonio Ubirajara, enfatizou a import\u00e2ncia da Justi\u00e7a do Trabalho para a classe trabalhadora e a necessidade de fortalecer a institui\u00e7\u00e3o em Cama\u00e7ari e regi\u00e3o, que concentram uma grande massa trabalhadora e crescentes demandas trabalhistas.<br \/>\n#SindticccNaPista #S\u00f3ConquistaQuemLuta<\/p>\n<p><a href=\"https:\/\/sindticccba.org.br\/wp-content\/uploads\/2024\/06\/WhatsApp-Image-2024-06-19-at-11.18.53-1.jpeg\"><img loading=\"lazy\" decoding=\"async\" class=\"alignnone size-large wp-image-1797\" src=\"https:\/\/sindticccba.org.br\/wp-content\/uploads\/2024\/06\/WhatsApp-Image-2024-06-19-at-11.18.53-1-768x1024.jpeg\" alt=\"\" width=\"696\" height=\"928\" srcset=\"https:\/\/sindticccba.org.br\/wp-content\/uploads\/2024\/06\/WhatsApp-Image-2024-06-19-at-11.18.53-1-768x1024.jpeg 768w, https:\/\/sindticccba.org.br\/wp-content\/uploads\/2024\/06\/WhatsApp-Image-2024-06-19-at-11.18.53-1-225x300.jpeg 225w, https:\/\/sindticccba.org.br\/wp-content\/uploads\/2024\/06\/WhatsApp-Image-2024-06-19-at-11.18.53-1-1152x1536.jpeg 1152w, https:\/\/sindticccba.org.br\/wp-content\/uploads\/2024\/06\/WhatsApp-Image-2024-06-19-at-11.18.53-1-696x928.jpeg 696w, https:\/\/sindticccba.org.br\/wp-content\/uploads\/2024\/06\/WhatsApp-Image-2024-06-19-at-11.18.53-1-1068x1424.jpeg 1068w, https:\/\/sindticccba.org.br\/wp-content\/uploads\/2024\/06\/WhatsApp-Image-2024-06-19-at-11.18.53-1.jpeg 1200w\" sizes=\"auto, (max-width: 696px) 100vw, 696px\" \/><\/a><\/p>\n<p>&nbsp;<\/p>\n<p><a href=\"https:\/\/sindticccba.org.br\/wp-content\/uploads\/2024\/06\/WhatsApp-Image-2024-06-19-at-11.18.55.jpeg\"><img loading=\"lazy\" decoding=\"async\" class=\"alignnone size-large wp-image-1799\" src=\"https:\/\/sindticccba.org.br\/wp-content\/uploads\/2024\/06\/WhatsApp-Image-2024-06-19-at-11.18.55-768x1024.jpeg\" alt=\"\" width=\"696\" height=\"928\" srcset=\"https:\/\/sindticccba.org.br\/wp-content\/uploads\/2024\/06\/WhatsApp-Image-2024-06-19-at-11.18.55-768x1024.jpeg 768w, https:\/\/sindticccba.org.br\/wp-content\/uploads\/2024\/06\/WhatsApp-Image-2024-06-19-at-11.18.55-225x300.jpeg 225w, https:\/\/sindticccba.org.br\/wp-content\/uploads\/2024\/06\/WhatsApp-Image-2024-06-19-at-11.18.55-1152x1536.jpeg 1152w, https:\/\/sindticccba.org.br\/wp-content\/uploads\/2024\/06\/WhatsApp-Image-2024-06-19-at-11.18.55-696x928.jpeg 696w, https:\/\/sindticccba.org.br\/wp-content\/uploads\/2024\/06\/WhatsApp-Image-2024-06-19-at-11.18.55-1068x1424.jpeg 1068w, https:\/\/sindticccba.org.br\/wp-content\/uploads\/2024\/06\/WhatsApp-Image-2024-06-19-at-11.18.55.jpeg 1200w\" sizes=\"auto, (max-width: 696px) 100vw, 696px\" \/><\/a><\/p>\n<p><a href=\"https:\/\/sindticccba.org.br\/wp-content\/uploads\/2024\/06\/WhatsApp-Image-2024-06-19-at-11.18.56.jpeg\"><img loading=\"lazy\" decoding=\"async\" class=\"alignnone size-large wp-image-1800\" src=\"https:\/\/sindticccba.org.br\/wp-content\/uploads\/2024\/06\/WhatsApp-Image-2024-06-19-at-11.18.56-768x1024.jpeg\" alt=\"\" width=\"696\" height=\"928\" srcset=\"https:\/\/sindticccba.org.br\/wp-content\/uploads\/2024\/06\/WhatsApp-Image-2024-06-19-at-11.18.56-768x1024.jpeg 768w, https:\/\/sindticccba.org.br\/wp-content\/uploads\/2024\/06\/WhatsApp-Image-2024-06-19-at-11.18.56-225x300.jpeg 225w, https:\/\/sindticccba.org.br\/wp-content\/uploads\/2024\/06\/WhatsApp-Image-2024-06-19-at-11.18.56-1152x1536.jpeg 1152w, https:\/\/sindticccba.org.br\/wp-content\/uploads\/2024\/06\/WhatsApp-Image-2024-06-19-at-11.18.56-696x928.jpeg 696w, https:\/\/sindticccba.org.br\/wp-content\/uploads\/2024\/06\/WhatsApp-Image-2024-06-19-at-11.18.56-1068x1424.jpeg 1068w, https:\/\/sindticccba.org.br\/wp-content\/uploads\/2024\/06\/WhatsApp-Image-2024-06-19-at-11.18.56.jpeg 1200w\" sizes=\"auto, (max-width: 696px) 100vw, 696px\" \/><\/a><\/p>\n<p><a href=\"https:\/\/sindticccba.org.br\/wp-content\/uploads\/2024\/06\/WhatsApp-Image-2024-06-19-at-11.18.58.jpeg\"><img loading=\"lazy\" decoding=\"async\" class=\"alignnone size-large wp-image-1801\" src=\"https:\/\/sindticccba.org.br\/wp-content\/uploads\/2024\/06\/WhatsApp-Image-2024-06-19-at-11.18.58-1024x834.jpeg\" alt=\"\" width=\"696\" height=\"567\" srcset=\"https:\/\/sindticccba.org.br\/wp-content\/uploads\/2024\/06\/WhatsApp-Image-2024-06-19-at-11.18.58-1024x834.jpeg 1024w, https:\/\/sindticccba.org.br\/wp-content\/uploads\/2024\/06\/WhatsApp-Image-2024-06-19-at-11.18.58-300x244.jpeg 300w, https:\/\/sindticccba.org.br\/wp-content\/uploads\/2024\/06\/WhatsApp-Image-2024-06-19-at-11.18.58-768x626.jpeg 768w, https:\/\/sindticccba.org.br\/wp-content\/uploads\/2024\/06\/WhatsApp-Image-2024-06-19-at-11.18.58-696x567.jpeg 696w, https:\/\/sindticccba.org.br\/wp-content\/uploads\/2024\/06\/WhatsApp-Image-2024-06-19-at-11.18.58-1068x870.jpeg 1068w, https:\/\/sindticccba.org.br\/wp-content\/uploads\/2024\/06\/WhatsApp-Image-2024-06-19-at-11.18.58.jpeg 1280w\" sizes=\"auto, (max-width: 696px) 100vw, 696px\" \/><\/a><\/p>\n<p><a href=\"https:\/\/sindticccba.org.br\/wp-content\/uploads\/2024\/06\/WhatsApp-Image-2024-06-19-at-11.18.55.jpeg\"><img loading=\"lazy\" decoding=\"async\" class=\"alignnone size-large wp-image-1799\" src=\"https:\/\/sindticccba.org.br\/wp-content\/uploads\/2024\/06\/WhatsApp-Image-2024-06-19-at-11.18.55-768x1024.jpeg\" alt=\"\" width=\"696\" height=\"928\" srcset=\"https:\/\/sindticccba.org.br\/wp-content\/uploads\/2024\/06\/WhatsApp-Image-2024-06-19-at-11.18.55-768x1024.jpeg 768w, https:\/\/sindticccba.org.br\/wp-content\/uploads\/2024\/06\/WhatsApp-Image-2024-06-19-at-11.18.55-225x300.jpeg 225w, https:\/\/sindticccba.org.br\/wp-content\/uploads\/2024\/06\/WhatsApp-Image-2024-06-19-at-11.18.55-1152x1536.jpeg 1152w, https:\/\/sindticccba.org.br\/wp-content\/uploads\/2024\/06\/WhatsApp-Image-2024-06-19-at-11.18.55-696x928.jpeg 696w, https:\/\/sindticccba.org.br\/wp-content\/uploads\/2024\/06\/WhatsApp-Image-2024-06-19-at-11.18.55-1068x1424.jpeg 1068w, https:\/\/sindticccba.org.br\/wp-content\/uploads\/2024\/06\/WhatsApp-Image-2024-06-19-at-11.18.55.jpeg 1200w\" sizes=\"auto, (max-width: 696px) 100vw, 696px\" \/><\/a><a href=\"https:\/\/sindticccba.org.br\/wp-content\/uploads\/2024\/06\/Ato.jpeg\"><img loading=\"lazy\" decoding=\"async\" class=\"alignnone size-full wp-image-1803\" src=\"https:\/\/sindticccba.org.br\/wp-content\/uploads\/2024\/06\/Ato.jpeg\" alt=\"\" width=\"959\" height=\"968\" srcset=\"https:\/\/sindticccba.org.br\/wp-content\/uploads\/2024\/06\/Ato.jpeg 959w, https:\/\/sindticccba.org.br\/wp-content\/uploads\/2024\/06\/Ato-297x300.jpeg 297w, https:\/\/sindticccba.org.br\/wp-content\/uploads\/2024\/06\/Ato-150x150.jpeg 150w, https:\/\/sindticccba.org.br\/wp-content\/uploads\/2024\/06\/Ato-768x775.jpeg 768w, https:\/\/sindticccba.org.br\/wp-content\/uploads\/2024\/06\/Ato-696x703.jpeg 696w\" sizes=\"auto, (max-width: 959px) 100vw, 959px\" \/><\/a><\/p>\n","protected":false},"excerpt":{"rendered":"<p>Na manh\u00e3 desta quarta-feira, 19\/06, na sede da Justi\u00e7a do Trabalho de Cama\u00e7ari, aconteceu um ato de apoio \u00e0 instala\u00e7\u00e3o da 5\u00aa Vara do Trabalho, uma reivindica\u00e7\u00e3o de trabalhadores, sindicatos e advogados. Al\u00e9m da nova Vara para a Justi\u00e7a de Trabalho do munic\u00edpio, a luta \u00e9 pela disponibiliza\u00e7\u00e3o de uma Sala de Per\u00edcias M\u00e9dicas, para [&hellip;]<\/p>\n","protected":false},"author":4,"featured_media":1801,"comment_status":"closed","ping_status":"closed","sticky":false,"template":"","format":"standard","meta":{"footnotes":""},"categories":[1],"tags":[],"class_list":{"0":"post-1795","1":"post","2":"type-post","3":"status-publish","4":"format-standard","5":"has-post-thumbnail","7":"category-noticias"},"_links":{"self":[{"href":"https:\/\/sindticccba.org.br\/index.php\/wp-json\/wp\/v2\/posts\/1795","targetHints":{"allow":["GET"]}}],"collection":[{"href":"https:\/\/sindticccba.org.br\/index.php\/wp-json\/wp\/v2\/posts"}],"about":[{"href":"https:\/\/sindticccba.org.br\/index.php\/wp-json\/wp\/v2\/types\/post"}],"author":[{"embeddable":true,"href":"https:\/\/sindticccba.org.br\/index.php\/wp-json\/wp\/v2\/users\/4"}],"replies":[{"embeddable":true,"href":"https:\/\/sindticccba.org.br\/index.php\/wp-json\/wp\/v2\/comments?post=1795"}],"version-history":[{"count":1,"href":"https:\/\/sindticccba.org.br\/index.php\/wp-json\/wp\/v2\/posts\/1795\/revisions"}],"predecessor-version":[{"id":1804,"href":"https:\/\/sindticccba.org.br\/index.php\/wp-json\/wp\/v2\/posts\/1795\/revisions\/1804"}],"wp:featuredmedia":[{"embeddable":true,"href":"https:\/\/sindticccba.org.br\/index.php\/wp-json\/wp\/v2\/media\/1801"}],"wp:attachment":[{"href":"https:\/\/sindticccba.org.br\/index.php\/wp-json\/wp\/v2\/media?parent=1795"}],"wp:term":[{"taxonomy":"category","embeddable":true,"href":"https:\/\/sindticccba.org.br\/index.php\/wp-json\/wp\/v2\/categories?post=1795"},{"taxonomy":"post_tag","embeddable":true,"href":"https:\/\/sindticccba.org.br\/index.php\/wp-json\/wp\/v2\/tags?post=1795"}],"curies":[{"name":"wp","href":"https:\/\/api.w.org\/{rel}","templated":true}]}}