{"id":1781,"date":"2024-06-15T21:12:43","date_gmt":"2024-06-16T00:12:43","guid":{"rendered":"https:\/\/sindticccba.org.br\/?p=1781"},"modified":"2024-06-15T21:12:43","modified_gmt":"2024-06-16T00:12:43","slug":"sociedade-brasileira-se-manifesta-contra-o-pl-do-aborto","status":"publish","type":"post","link":"https:\/\/sindticccba.org.br\/index.php\/2024\/06\/15\/sociedade-brasileira-se-manifesta-contra-o-pl-do-aborto\/","title":{"rendered":"Sociedade brasileira se manifesta contra o PL do aborto"},"content":{"rendered":"<p><strong>De forma espont\u00e2nea, sem convoca\u00e7\u00e3o pr\u00e9via, manifestantes foram \u00e0s ruas em v\u00e1rias cidades para protestar contra o projeto que equipara o aborto ao crime de homic\u00eddio<\/strong><\/p>\n<p><a href=\"https:\/\/sindticccba.org.br\/wp-content\/uploads\/2024\/06\/ABorto.jpg\"><img loading=\"lazy\" decoding=\"async\" src=\"https:\/\/sindticccba.org.br\/wp-content\/uploads\/2024\/06\/ABorto.jpg\" alt=\"\" width=\"700\" height=\"460\" class=\"alignnone size-full wp-image-1782\" srcset=\"https:\/\/sindticccba.org.br\/wp-content\/uploads\/2024\/06\/ABorto.jpg 700w, https:\/\/sindticccba.org.br\/wp-content\/uploads\/2024\/06\/ABorto-300x197.jpg 300w, https:\/\/sindticccba.org.br\/wp-content\/uploads\/2024\/06\/ABorto-696x457.jpg 696w\" sizes=\"auto, (max-width: 700px) 100vw, 700px\" \/><\/a><\/p>\n<p>As rea\u00e7\u00f5es \u00e0 decis\u00e3o do presidente da C\u00e2mara dos Deputados, Arthur Lira (PP-AL), de pautar a urg\u00eancia do Projeto de Lei (PL) 194\/2024, chamado, entre outros nomes, de PL do Aborto e de PL da Gravidez Infantil, gerou revolta em v\u00e1rios setores da sociedade dado seu conte\u00fado que equipara o aborto de gesta\u00e7\u00f5es com mais de 22 semanas ao crime de homic\u00eddio.<\/p>\n<p>\u201c\u00c9 um movimento que marca um retrocesso alarmante nos direitos reprodutivos das mulheres brasileiras\u201d, diz a secret\u00e1ria da Mulher Trabalhadora da CUT, Amanda Corsino.<\/p>\n<p>Em diversas cidades, n\u00e3o apenas manifestantes ligadas a movimentos feministas, brasileiros e brasileiras que enxergam na tramita\u00e7\u00e3o do PL como uma forma de viol\u00eancia contra a sa\u00fade, \u00e0 vida e \u00e0 liberdade da mulher.<\/p>\n<p>Em S\u00e3o Paulo, centenas de pessoas realizaram um protesto convocado pela Frente Nacional Contra a Criminaliza\u00e7\u00e3o das Mulheres e Pela Legaliza\u00e7\u00e3o do Aborto na Avenida Paulista, em frente ao Museu de Arte de S\u00e3o Paulo (Masp), na noite desta quinta-feira (13), com frases como &#8220;Crian\u00e7a n\u00e3o \u00e9 m\u00e3e&#8221;, &#8220;Respeitem as mulheres&#8221; e &#8220;Fora Lira&#8221;.<br \/>\n<span style=\"font-size: 10px;\">(Fonte: CUT. Texto: Andr\u00e9 Accarini e Rosely Rocha)<\/span><br \/>\nMat\u00e9ria completa neste <a href=\"https:\/\/www.cut.org.br\/noticias\/sociedade-brasileira-se-manifesta-contra-o-pl-do-aborto-7e9b\" rel=\"noopener\" target=\"_blank\">link.<\/a><\/p>\n","protected":false},"excerpt":{"rendered":"<p>De forma espont\u00e2nea, sem convoca\u00e7\u00e3o pr\u00e9via, manifestantes foram \u00e0s ruas em v\u00e1rias cidades para protestar contra o projeto que equipara o aborto ao crime de homic\u00eddio As rea\u00e7\u00f5es \u00e0 decis\u00e3o do presidente da C\u00e2mara dos Deputados, Arthur Lira (PP-AL), de pautar a urg\u00eancia do Projeto de Lei (PL) 194\/2024, chamado, entre outros nomes, de PL [&hellip;]<\/p>\n","protected":false},"author":4,"featured_media":1782,"comment_status":"closed","ping_status":"closed","sticky":false,"template":"","format":"standard","meta":{"footnotes":""},"categories":[1],"tags":[],"class_list":{"0":"post-1781","1":"post","2":"type-post","3":"status-publish","4":"format-standard","5":"has-post-thumbnail","7":"category-noticias"},"_links":{"self":[{"href":"https:\/\/sindticccba.org.br\/index.php\/wp-json\/wp\/v2\/posts\/1781","targetHints":{"allow":["GET"]}}],"collection":[{"href":"https:\/\/sindticccba.org.br\/index.php\/wp-json\/wp\/v2\/posts"}],"about":[{"href":"https:\/\/sindticccba.org.br\/index.php\/wp-json\/wp\/v2\/types\/post"}],"author":[{"embeddable":true,"href":"https:\/\/sindticccba.org.br\/index.php\/wp-json\/wp\/v2\/users\/4"}],"replies":[{"embeddable":true,"href":"https:\/\/sindticccba.org.br\/index.php\/wp-json\/wp\/v2\/comments?post=1781"}],"version-history":[{"count":1,"href":"https:\/\/sindticccba.org.br\/index.php\/wp-json\/wp\/v2\/posts\/1781\/revisions"}],"predecessor-version":[{"id":1783,"href":"https:\/\/sindticccba.org.br\/index.php\/wp-json\/wp\/v2\/posts\/1781\/revisions\/1783"}],"wp:featuredmedia":[{"embeddable":true,"href":"https:\/\/sindticccba.org.br\/index.php\/wp-json\/wp\/v2\/media\/1782"}],"wp:attachment":[{"href":"https:\/\/sindticccba.org.br\/index.php\/wp-json\/wp\/v2\/media?parent=1781"}],"wp:term":[{"taxonomy":"category","embeddable":true,"href":"https:\/\/sindticccba.org.br\/index.php\/wp-json\/wp\/v2\/categories?post=1781"},{"taxonomy":"post_tag","embeddable":true,"href":"https:\/\/sindticccba.org.br\/index.php\/wp-json\/wp\/v2\/tags?post=1781"}],"curies":[{"name":"wp","href":"https:\/\/api.w.org\/{rel}","templated":true}]}}