{"id":1753,"date":"2024-06-05T14:03:41","date_gmt":"2024-06-05T17:03:41","guid":{"rendered":"https:\/\/sindticccba.org.br\/?p=1753"},"modified":"2024-06-05T14:03:41","modified_gmt":"2024-06-05T17:03:41","slug":"5-de-junho-dia-mundial-do-meio-ambiente","status":"publish","type":"post","link":"https:\/\/sindticccba.org.br\/index.php\/2024\/06\/05\/5-de-junho-dia-mundial-do-meio-ambiente\/","title":{"rendered":"5 DE JUNHO &#8211; DIA MUNDIAL DO MEIO AMBIENTE"},"content":{"rendered":"<p>Nesta quarta-feira (5), Dia Mundial do Meio Ambiente, \u00e9 mais um dia para refletirmos sobre o desafio de proteger o planeta Terra diante das mudan\u00e7as clim\u00e1ticas.<\/p>\n<p>A crise clim\u00e1tica \u00e9 um problema urgente em todo o mundo, e n\u00e3o estamos falando apenas do futuro do planeta, mas sobre os desastres ambientais com mortes e perda de direitos que j\u00e1 acontecem no mundo e no Brasil.<\/p>\n<p>A trag\u00e9dia no Rio Grande do Sul tem nos feito pensar sobre a urg\u00eancia da preven\u00e7\u00e3o e do tipo de cidade que queremos.<br \/>\n<span style=\"font-size: 12px;\">(Fonte CUT)<\/span><\/p>\n<p><a href=\"https:\/\/sindticccba.org.br\/wp-content\/uploads\/2024\/06\/CUT.jpg\"><img loading=\"lazy\" decoding=\"async\" class=\"alignnone size-full wp-image-1755\" src=\"https:\/\/sindticccba.org.br\/wp-content\/uploads\/2024\/06\/CUT.jpg\" alt=\"\" width=\"812\" height=\"816\" srcset=\"https:\/\/sindticccba.org.br\/wp-content\/uploads\/2024\/06\/CUT.jpg 812w, https:\/\/sindticccba.org.br\/wp-content\/uploads\/2024\/06\/CUT-300x300.jpg 300w, https:\/\/sindticccba.org.br\/wp-content\/uploads\/2024\/06\/CUT-150x150.jpg 150w, https:\/\/sindticccba.org.br\/wp-content\/uploads\/2024\/06\/CUT-768x772.jpg 768w, https:\/\/sindticccba.org.br\/wp-content\/uploads\/2024\/06\/CUT-696x699.jpg 696w\" sizes=\"auto, (max-width: 812px) 100vw, 812px\" \/><\/a><\/p>\n","protected":false},"excerpt":{"rendered":"<p>Nesta quarta-feira (5), Dia Mundial do Meio Ambiente, \u00e9 mais um dia para refletirmos sobre o desafio de proteger o planeta Terra diante das mudan\u00e7as clim\u00e1ticas. A crise clim\u00e1tica \u00e9 um problema urgente em todo o mundo, e n\u00e3o estamos falando apenas do futuro do planeta, mas sobre os desastres ambientais com mortes e perda [&hellip;]<\/p>\n","protected":false},"author":4,"featured_media":1756,"comment_status":"closed","ping_status":"closed","sticky":false,"template":"","format":"standard","meta":{"footnotes":""},"categories":[1],"tags":[],"class_list":{"0":"post-1753","1":"post","2":"type-post","3":"status-publish","4":"format-standard","5":"has-post-thumbnail","7":"category-noticias"},"_links":{"self":[{"href":"https:\/\/sindticccba.org.br\/index.php\/wp-json\/wp\/v2\/posts\/1753","targetHints":{"allow":["GET"]}}],"collection":[{"href":"https:\/\/sindticccba.org.br\/index.php\/wp-json\/wp\/v2\/posts"}],"about":[{"href":"https:\/\/sindticccba.org.br\/index.php\/wp-json\/wp\/v2\/types\/post"}],"author":[{"embeddable":true,"href":"https:\/\/sindticccba.org.br\/index.php\/wp-json\/wp\/v2\/users\/4"}],"replies":[{"embeddable":true,"href":"https:\/\/sindticccba.org.br\/index.php\/wp-json\/wp\/v2\/comments?post=1753"}],"version-history":[{"count":3,"href":"https:\/\/sindticccba.org.br\/index.php\/wp-json\/wp\/v2\/posts\/1753\/revisions"}],"predecessor-version":[{"id":1758,"href":"https:\/\/sindticccba.org.br\/index.php\/wp-json\/wp\/v2\/posts\/1753\/revisions\/1758"}],"wp:featuredmedia":[{"embeddable":true,"href":"https:\/\/sindticccba.org.br\/index.php\/wp-json\/wp\/v2\/media\/1756"}],"wp:attachment":[{"href":"https:\/\/sindticccba.org.br\/index.php\/wp-json\/wp\/v2\/media?parent=1753"}],"wp:term":[{"taxonomy":"category","embeddable":true,"href":"https:\/\/sindticccba.org.br\/index.php\/wp-json\/wp\/v2\/categories?post=1753"},{"taxonomy":"post_tag","embeddable":true,"href":"https:\/\/sindticccba.org.br\/index.php\/wp-json\/wp\/v2\/tags?post=1753"}],"curies":[{"name":"wp","href":"https:\/\/api.w.org\/{rel}","templated":true}]}}