{"id":1748,"date":"2024-06-04T11:38:38","date_gmt":"2024-06-04T14:38:38","guid":{"rendered":"https:\/\/sindticccba.org.br\/?p=1748"},"modified":"2024-06-04T11:38:38","modified_gmt":"2024-06-04T14:38:38","slug":"sindticcc-garante-reajuste-de-45-com-ganho-real-para-a-categoria","status":"publish","type":"post","link":"https:\/\/sindticccba.org.br\/index.php\/2024\/06\/04\/sindticcc-garante-reajuste-de-45-com-ganho-real-para-a-categoria\/","title":{"rendered":"SINDTICCC GARANTE REAJUSTE DE 4,5%, COM GANHO REAL PARA A CATEGORIA"},"content":{"rendered":"<p>Em assembleia realizada no Mangue Seco, Polo de Cama\u00e7ari, a categoria da montagem e manuten\u00e7\u00e3o industrial aprovou, em decis\u00e3o un\u00e2nime, os termos da conven\u00e7\u00e3o coletiva da campanha salarial da categoria. O Sindticcc garantiu um reajuste salarial de 4,5%, o que representa ganho real de 1,1%. Foi mais uma jornada vitoriosa liderada pelo Sindticcc, com o apoio e total confian\u00e7a da sua base. Tamo junto, s\u00f3 conquista quem luta!<\/p>\n<figure id=\"attachment_1749\" aria-describedby=\"caption-attachment-1749\" style=\"width: 696px\" class=\"wp-caption alignnone\"><a href=\"https:\/\/sindticccba.org.br\/wp-content\/uploads\/2024\/06\/WhatsApp-Image-2024-06-03-at-11.39.54.jpeg\"><img loading=\"lazy\" decoding=\"async\" src=\"https:\/\/sindticccba.org.br\/wp-content\/uploads\/2024\/06\/WhatsApp-Image-2024-06-03-at-11.39.54-768x1024.jpeg\" alt=\"\" width=\"696\" height=\"928\" class=\"size-large wp-image-1749\" srcset=\"https:\/\/sindticccba.org.br\/wp-content\/uploads\/2024\/06\/WhatsApp-Image-2024-06-03-at-11.39.54-768x1024.jpeg 768w, https:\/\/sindticccba.org.br\/wp-content\/uploads\/2024\/06\/WhatsApp-Image-2024-06-03-at-11.39.54-225x300.jpeg 225w, https:\/\/sindticccba.org.br\/wp-content\/uploads\/2024\/06\/WhatsApp-Image-2024-06-03-at-11.39.54-696x928.jpeg 696w, https:\/\/sindticccba.org.br\/wp-content\/uploads\/2024\/06\/WhatsApp-Image-2024-06-03-at-11.39.54.jpeg 960w\" sizes=\"auto, (max-width: 696px) 100vw, 696px\" \/><\/a><figcaption id=\"caption-attachment-1749\" class=\"wp-caption-text\">Assembleia no Mangue Seco aprovou acordo para Campanha Salarial da Montagem e Manuten\u00e7\u00e3o Industrial<\/figcaption><\/figure>\n<p><a href=\"https:\/\/sindticccba.org.br\/wp-content\/uploads\/2024\/06\/Acordo.jpeg\"><img loading=\"lazy\" decoding=\"async\" src=\"https:\/\/sindticccba.org.br\/wp-content\/uploads\/2024\/06\/Acordo-768x1024.jpeg\" alt=\"\" width=\"696\" height=\"928\" class=\"alignnone size-large wp-image-1750\" srcset=\"https:\/\/sindticccba.org.br\/wp-content\/uploads\/2024\/06\/Acordo-768x1024.jpeg 768w, https:\/\/sindticccba.org.br\/wp-content\/uploads\/2024\/06\/Acordo-225x300.jpeg 225w, https:\/\/sindticccba.org.br\/wp-content\/uploads\/2024\/06\/Acordo-696x928.jpeg 696w, https:\/\/sindticccba.org.br\/wp-content\/uploads\/2024\/06\/Acordo.jpeg 960w\" sizes=\"auto, (max-width: 696px) 100vw, 696px\" \/><\/a><a href=\"https:\/\/sindticccba.org.br\/wp-content\/uploads\/2024\/06\/Acordo.jpeg\"><img loading=\"lazy\" decoding=\"async\" src=\"https:\/\/sindticccba.org.br\/wp-content\/uploads\/2024\/06\/Acordo-768x1024.jpeg\" alt=\"\" width=\"696\" height=\"928\" class=\"alignnone size-large wp-image-1750\" srcset=\"https:\/\/sindticccba.org.br\/wp-content\/uploads\/2024\/06\/Acordo-768x1024.jpeg 768w, https:\/\/sindticccba.org.br\/wp-content\/uploads\/2024\/06\/Acordo-225x300.jpeg 225w, https:\/\/sindticccba.org.br\/wp-content\/uploads\/2024\/06\/Acordo-696x928.jpeg 696w, https:\/\/sindticccba.org.br\/wp-content\/uploads\/2024\/06\/Acordo.jpeg 960w\" sizes=\"auto, (max-width: 696px) 100vw, 696px\" \/><\/a><\/p>\n","protected":false},"excerpt":{"rendered":"<p>Em assembleia realizada no Mangue Seco, Polo de Cama\u00e7ari, a categoria da montagem e manuten\u00e7\u00e3o industrial aprovou, em decis\u00e3o un\u00e2nime, os termos da conven\u00e7\u00e3o coletiva da campanha salarial da categoria. O Sindticcc garantiu um reajuste salarial de 4,5%, o que representa ganho real de 1,1%. Foi mais uma jornada vitoriosa liderada pelo Sindticcc, com o [&hellip;]<\/p>\n","protected":false},"author":4,"featured_media":1749,"comment_status":"closed","ping_status":"closed","sticky":false,"template":"","format":"standard","meta":{"footnotes":""},"categories":[1],"tags":[],"class_list":{"0":"post-1748","1":"post","2":"type-post","3":"status-publish","4":"format-standard","5":"has-post-thumbnail","7":"category-noticias"},"_links":{"self":[{"href":"https:\/\/sindticccba.org.br\/index.php\/wp-json\/wp\/v2\/posts\/1748","targetHints":{"allow":["GET"]}}],"collection":[{"href":"https:\/\/sindticccba.org.br\/index.php\/wp-json\/wp\/v2\/posts"}],"about":[{"href":"https:\/\/sindticccba.org.br\/index.php\/wp-json\/wp\/v2\/types\/post"}],"author":[{"embeddable":true,"href":"https:\/\/sindticccba.org.br\/index.php\/wp-json\/wp\/v2\/users\/4"}],"replies":[{"embeddable":true,"href":"https:\/\/sindticccba.org.br\/index.php\/wp-json\/wp\/v2\/comments?post=1748"}],"version-history":[{"count":1,"href":"https:\/\/sindticccba.org.br\/index.php\/wp-json\/wp\/v2\/posts\/1748\/revisions"}],"predecessor-version":[{"id":1751,"href":"https:\/\/sindticccba.org.br\/index.php\/wp-json\/wp\/v2\/posts\/1748\/revisions\/1751"}],"wp:featuredmedia":[{"embeddable":true,"href":"https:\/\/sindticccba.org.br\/index.php\/wp-json\/wp\/v2\/media\/1749"}],"wp:attachment":[{"href":"https:\/\/sindticccba.org.br\/index.php\/wp-json\/wp\/v2\/media?parent=1748"}],"wp:term":[{"taxonomy":"category","embeddable":true,"href":"https:\/\/sindticccba.org.br\/index.php\/wp-json\/wp\/v2\/categories?post=1748"},{"taxonomy":"post_tag","embeddable":true,"href":"https:\/\/sindticccba.org.br\/index.php\/wp-json\/wp\/v2\/tags?post=1748"}],"curies":[{"name":"wp","href":"https:\/\/api.w.org\/{rel}","templated":true}]}}