{"id":1715,"date":"2024-05-22T20:05:41","date_gmt":"2024-05-22T23:05:41","guid":{"rendered":"https:\/\/sindticccba.org.br\/?p=1715"},"modified":"2024-05-22T20:34:23","modified_gmt":"2024-05-22T23:34:23","slug":"sindticcc-participa-do-xi-congresso-da-fetracom-base","status":"publish","type":"post","link":"https:\/\/sindticccba.org.br\/index.php\/2024\/05\/22\/sindticcc-participa-do-xi-congresso-da-fetracom-base\/","title":{"rendered":"SINDTICCC PARTICIPA DO XI CONGRESSO DA FETRACOM-BASE"},"content":{"rendered":"<figure id=\"attachment_1716\" aria-describedby=\"caption-attachment-1716\" style=\"width: 696px\" class=\"wp-caption alignnone\"><a href=\"https:\/\/sindticccba.org.br\/wp-content\/uploads\/2024\/05\/Diretoria.jpeg\"><img loading=\"lazy\" decoding=\"async\" class=\"size-large wp-image-1716\" src=\"https:\/\/sindticccba.org.br\/wp-content\/uploads\/2024\/05\/Diretoria-1024x892.jpeg\" alt=\"\" width=\"696\" height=\"606\" srcset=\"https:\/\/sindticccba.org.br\/wp-content\/uploads\/2024\/05\/Diretoria-1024x892.jpeg 1024w, https:\/\/sindticccba.org.br\/wp-content\/uploads\/2024\/05\/Diretoria-300x261.jpeg 300w, https:\/\/sindticccba.org.br\/wp-content\/uploads\/2024\/05\/Diretoria-768x669.jpeg 768w, https:\/\/sindticccba.org.br\/wp-content\/uploads\/2024\/05\/Diretoria-696x606.jpeg 696w, https:\/\/sindticccba.org.br\/wp-content\/uploads\/2024\/05\/Diretoria-1068x930.jpeg 1068w, https:\/\/sindticccba.org.br\/wp-content\/uploads\/2024\/05\/Diretoria.jpeg 1100w\" sizes=\"auto, (max-width: 696px) 100vw, 696px\" \/><\/a><figcaption id=\"caption-attachment-1716\" class=\"wp-caption-text\">Diretoria do Sindticcc participa ativamente do XI Congresso da Fetracom-Base<\/figcaption><\/figure>\n<p><span style=\"font-family: tahoma, arial, helvetica, sans-serif;\">Est\u00e1 acontecendo em Salvador, dias 22 e 23\/05, o XI Congresso Interestadual da Fetracom-Base (Bahia e Sergipe). O Sindticcc est\u00e1 participando do evento com tr\u00eas delegados, o coordenador-geral Antonio Ubirajara e os diretores Jorge Louren\u00e7o e Edenivaldo Mendes. Nosso sindicato vai participar do processo de escolha e indicar dois nomes para ocupar assentos na Fetracom, dando sua contribui\u00e7\u00e3o para as lutas da categoria em n\u00edvel regional.<\/span><br \/>\n<span style=\"font-family: tahoma, arial, helvetica, sans-serif;\">#SindticccNaPista<\/span><\/p>\n<p><a href=\"https:\/\/sindticccba.org.br\/wp-content\/uploads\/2024\/05\/01.jpeg\"><img loading=\"lazy\" decoding=\"async\" class=\"alignnone size-large wp-image-1721\" src=\"https:\/\/sindticccba.org.br\/wp-content\/uploads\/2024\/05\/01-1024x771.jpeg\" alt=\"\" width=\"696\" height=\"524\" srcset=\"https:\/\/sindticccba.org.br\/wp-content\/uploads\/2024\/05\/01-1024x771.jpeg 1024w, https:\/\/sindticccba.org.br\/wp-content\/uploads\/2024\/05\/01-300x226.jpeg 300w, https:\/\/sindticccba.org.br\/wp-content\/uploads\/2024\/05\/01-768x578.jpeg 768w, https:\/\/sindticccba.org.br\/wp-content\/uploads\/2024\/05\/01-1536x1156.jpeg 1536w, https:\/\/sindticccba.org.br\/wp-content\/uploads\/2024\/05\/01-696x524.jpeg 696w, https:\/\/sindticccba.org.br\/wp-content\/uploads\/2024\/05\/01-1068x804.jpeg 1068w, https:\/\/sindticccba.org.br\/wp-content\/uploads\/2024\/05\/01.jpeg 1600w\" sizes=\"auto, (max-width: 696px) 100vw, 696px\" \/><\/a><\/p>\n<p><a href=\"https:\/\/sindticccba.org.br\/wp-content\/uploads\/2024\/05\/02.jpeg\"><img loading=\"lazy\" decoding=\"async\" class=\"alignnone size-large wp-image-1722\" src=\"https:\/\/sindticccba.org.br\/wp-content\/uploads\/2024\/05\/02-1024x771.jpeg\" alt=\"\" width=\"696\" height=\"524\" srcset=\"https:\/\/sindticccba.org.br\/wp-content\/uploads\/2024\/05\/02-1024x771.jpeg 1024w, https:\/\/sindticccba.org.br\/wp-content\/uploads\/2024\/05\/02-300x226.jpeg 300w, https:\/\/sindticccba.org.br\/wp-content\/uploads\/2024\/05\/02-768x578.jpeg 768w, https:\/\/sindticccba.org.br\/wp-content\/uploads\/2024\/05\/02-1536x1156.jpeg 1536w, https:\/\/sindticccba.org.br\/wp-content\/uploads\/2024\/05\/02-696x524.jpeg 696w, https:\/\/sindticccba.org.br\/wp-content\/uploads\/2024\/05\/02-1068x804.jpeg 1068w, https:\/\/sindticccba.org.br\/wp-content\/uploads\/2024\/05\/02.jpeg 1600w\" sizes=\"auto, (max-width: 696px) 100vw, 696px\" \/><\/a><\/p>\n<p><a href=\"https:\/\/sindticccba.org.br\/wp-content\/uploads\/2024\/05\/03.jpeg\"><img loading=\"lazy\" decoding=\"async\" class=\"alignnone size-large wp-image-1723\" src=\"https:\/\/sindticccba.org.br\/wp-content\/uploads\/2024\/05\/03-1024x771.jpeg\" alt=\"\" width=\"696\" height=\"524\" srcset=\"https:\/\/sindticccba.org.br\/wp-content\/uploads\/2024\/05\/03-1024x771.jpeg 1024w, https:\/\/sindticccba.org.br\/wp-content\/uploads\/2024\/05\/03-300x226.jpeg 300w, https:\/\/sindticccba.org.br\/wp-content\/uploads\/2024\/05\/03-768x578.jpeg 768w, https:\/\/sindticccba.org.br\/wp-content\/uploads\/2024\/05\/03-1536x1156.jpeg 1536w, https:\/\/sindticccba.org.br\/wp-content\/uploads\/2024\/05\/03-696x524.jpeg 696w, https:\/\/sindticccba.org.br\/wp-content\/uploads\/2024\/05\/03-1068x804.jpeg 1068w, https:\/\/sindticccba.org.br\/wp-content\/uploads\/2024\/05\/03.jpeg 1600w\" sizes=\"auto, (max-width: 696px) 100vw, 696px\" \/><\/a><\/p>\n<p><a href=\"https:\/\/sindticccba.org.br\/wp-content\/uploads\/2024\/05\/Caderno.jpeg\"><img loading=\"lazy\" decoding=\"async\" class=\"alignnone size-large wp-image-1717\" src=\"https:\/\/sindticccba.org.br\/wp-content\/uploads\/2024\/05\/Caderno-707x1024.jpeg\" alt=\"\" width=\"696\" height=\"1008\" srcset=\"https:\/\/sindticccba.org.br\/wp-content\/uploads\/2024\/05\/Caderno-707x1024.jpeg 707w, https:\/\/sindticccba.org.br\/wp-content\/uploads\/2024\/05\/Caderno-207x300.jpeg 207w, https:\/\/sindticccba.org.br\/wp-content\/uploads\/2024\/05\/Caderno-768x1112.jpeg 768w, https:\/\/sindticccba.org.br\/wp-content\/uploads\/2024\/05\/Caderno-696x1008.jpeg 696w, https:\/\/sindticccba.org.br\/wp-content\/uploads\/2024\/05\/Caderno.jpeg 891w\" sizes=\"auto, (max-width: 696px) 100vw, 696px\" \/><\/a><\/p>\n","protected":false},"excerpt":{"rendered":"<p>Est\u00e1 acontecendo em Salvador, dias 22 e 23\/05, o XI Congresso Interestadual da Fetracom-Base (Bahia e Sergipe). O Sindticcc est\u00e1 participando do evento com tr\u00eas delegados, o coordenador-geral Antonio Ubirajara e os diretores Jorge Louren\u00e7o e Edenivaldo Mendes. Nosso sindicato vai participar do processo de escolha e indicar dois nomes para ocupar assentos na Fetracom, [&hellip;]<\/p>\n","protected":false},"author":4,"featured_media":1716,"comment_status":"closed","ping_status":"closed","sticky":false,"template":"","format":"standard","meta":{"footnotes":""},"categories":[1],"tags":[],"class_list":{"0":"post-1715","1":"post","2":"type-post","3":"status-publish","4":"format-standard","5":"has-post-thumbnail","7":"category-noticias"},"_links":{"self":[{"href":"https:\/\/sindticccba.org.br\/index.php\/wp-json\/wp\/v2\/posts\/1715","targetHints":{"allow":["GET"]}}],"collection":[{"href":"https:\/\/sindticccba.org.br\/index.php\/wp-json\/wp\/v2\/posts"}],"about":[{"href":"https:\/\/sindticccba.org.br\/index.php\/wp-json\/wp\/v2\/types\/post"}],"author":[{"embeddable":true,"href":"https:\/\/sindticccba.org.br\/index.php\/wp-json\/wp\/v2\/users\/4"}],"replies":[{"embeddable":true,"href":"https:\/\/sindticccba.org.br\/index.php\/wp-json\/wp\/v2\/comments?post=1715"}],"version-history":[{"count":4,"href":"https:\/\/sindticccba.org.br\/index.php\/wp-json\/wp\/v2\/posts\/1715\/revisions"}],"predecessor-version":[{"id":1725,"href":"https:\/\/sindticccba.org.br\/index.php\/wp-json\/wp\/v2\/posts\/1715\/revisions\/1725"}],"wp:featuredmedia":[{"embeddable":true,"href":"https:\/\/sindticccba.org.br\/index.php\/wp-json\/wp\/v2\/media\/1716"}],"wp:attachment":[{"href":"https:\/\/sindticccba.org.br\/index.php\/wp-json\/wp\/v2\/media?parent=1715"}],"wp:term":[{"taxonomy":"category","embeddable":true,"href":"https:\/\/sindticccba.org.br\/index.php\/wp-json\/wp\/v2\/categories?post=1715"},{"taxonomy":"post_tag","embeddable":true,"href":"https:\/\/sindticccba.org.br\/index.php\/wp-json\/wp\/v2\/tags?post=1715"}],"curies":[{"name":"wp","href":"https:\/\/api.w.org\/{rel}","templated":true}]}}