{"id":1626,"date":"2024-05-04T10:50:18","date_gmt":"2024-05-04T13:50:18","guid":{"rendered":"https:\/\/sindticccba.org.br\/?p=1626"},"modified":"2024-05-04T10:53:39","modified_gmt":"2024-05-04T13:53:39","slug":"sindticcc-fiscaliza-instalacoes-de-obra-da-byd","status":"publish","type":"post","link":"https:\/\/sindticccba.org.br\/index.php\/2024\/05\/04\/sindticcc-fiscaliza-instalacoes-de-obra-da-byd\/","title":{"rendered":"SINDTICCC FISCALIZA INSTALA\u00c7\u00d5ES DE OBRA DA BYD"},"content":{"rendered":"<p>O Sindticcc esteve presente, ontem pela manh\u00e3, no local das obras de instala\u00e7\u00e3o da f\u00e1brica da montadora BYD em Cama\u00e7ari, e nossos sindicalistas constataram a precariedade do refeit\u00f3rio destinado aos trabalhadores. Trata-se de uma estrutura improvisada e totalmente inadequada para essa finalidade.<br \/>\nEm seguida, o sindicato se reuniu com prepostos da empresa para solicitar a imediata retirada da estrutura e a disponibiliza\u00e7\u00e3o de um local adequado e que atenda a todas as normas de conforto e seguran\u00e7a.<br \/>\n#SindticccNaLuta<\/p>\n<div style=\"width: 480px;\" class=\"wp-video\"><video class=\"wp-video-shortcode\" id=\"video-1626-1\" width=\"480\" height=\"864\" preload=\"metadata\" controls=\"controls\"><source type=\"video\/mp4\" src=\"https:\/\/sindticccba.org.br\/wp-content\/uploads\/2024\/05\/WhatsApp-Video-2024-05-03-at-12.11.56.mp4?_=1\" \/><a href=\"https:\/\/sindticccba.org.br\/wp-content\/uploads\/2024\/05\/WhatsApp-Video-2024-05-03-at-12.11.56.mp4\">https:\/\/sindticccba.org.br\/wp-content\/uploads\/2024\/05\/WhatsApp-Video-2024-05-03-at-12.11.56.mp4<\/a><\/video><\/div>\n","protected":false},"excerpt":{"rendered":"<p>O Sindticcc esteve presente, ontem pela manh\u00e3, no local das obras de instala\u00e7\u00e3o da f\u00e1brica da montadora BYD em Cama\u00e7ari, e nossos sindicalistas constataram a precariedade do refeit\u00f3rio destinado aos trabalhadores. Trata-se de uma estrutura improvisada e totalmente inadequada para essa finalidade. Em seguida, o sindicato se reuniu com prepostos da empresa para solicitar a [&hellip;]<\/p>\n","protected":false},"author":4,"featured_media":1629,"comment_status":"closed","ping_status":"closed","sticky":false,"template":"","format":"standard","meta":{"footnotes":""},"categories":[1],"tags":[],"class_list":{"0":"post-1626","1":"post","2":"type-post","3":"status-publish","4":"format-standard","5":"has-post-thumbnail","7":"category-noticias"},"_links":{"self":[{"href":"https:\/\/sindticccba.org.br\/index.php\/wp-json\/wp\/v2\/posts\/1626","targetHints":{"allow":["GET"]}}],"collection":[{"href":"https:\/\/sindticccba.org.br\/index.php\/wp-json\/wp\/v2\/posts"}],"about":[{"href":"https:\/\/sindticccba.org.br\/index.php\/wp-json\/wp\/v2\/types\/post"}],"author":[{"embeddable":true,"href":"https:\/\/sindticccba.org.br\/index.php\/wp-json\/wp\/v2\/users\/4"}],"replies":[{"embeddable":true,"href":"https:\/\/sindticccba.org.br\/index.php\/wp-json\/wp\/v2\/comments?post=1626"}],"version-history":[{"count":1,"href":"https:\/\/sindticccba.org.br\/index.php\/wp-json\/wp\/v2\/posts\/1626\/revisions"}],"predecessor-version":[{"id":1628,"href":"https:\/\/sindticccba.org.br\/index.php\/wp-json\/wp\/v2\/posts\/1626\/revisions\/1628"}],"wp:featuredmedia":[{"embeddable":true,"href":"https:\/\/sindticccba.org.br\/index.php\/wp-json\/wp\/v2\/media\/1629"}],"wp:attachment":[{"href":"https:\/\/sindticccba.org.br\/index.php\/wp-json\/wp\/v2\/media?parent=1626"}],"wp:term":[{"taxonomy":"category","embeddable":true,"href":"https:\/\/sindticccba.org.br\/index.php\/wp-json\/wp\/v2\/categories?post=1626"},{"taxonomy":"post_tag","embeddable":true,"href":"https:\/\/sindticccba.org.br\/index.php\/wp-json\/wp\/v2\/tags?post=1626"}],"curies":[{"name":"wp","href":"https:\/\/api.w.org\/{rel}","templated":true}]}}