{"id":1612,"date":"2024-04-30T09:51:14","date_gmt":"2024-04-30T12:51:14","guid":{"rendered":"https:\/\/sindticccba.org.br\/?p=1612"},"modified":"2024-04-30T09:51:14","modified_gmt":"2024-04-30T12:51:14","slug":"1-de-maio-o-desafio-e-transformar-sonhos-em-conquistas","status":"publish","type":"post","link":"https:\/\/sindticccba.org.br\/index.php\/2024\/04\/30\/1-de-maio-o-desafio-e-transformar-sonhos-em-conquistas\/","title":{"rendered":"1\u00b0 de Maio: o desafio \u00e9 transformar sonhos em conquistas"},"content":{"rendered":"<p><strong>O Dia do Trabalhador \u00e9 um momento importante para a classe trabalhadora se mobilizar pelas lutas para a cria\u00e7\u00e3o de emprego e renda no pa\u00eds<\/strong><\/p>\n<p><a href=\"https:\/\/sindticccba.org.br\/wp-content\/uploads\/2024\/04\/Maio.jpg\"><img loading=\"lazy\" decoding=\"async\" class=\"alignnone size-medium wp-image-1613\" src=\"https:\/\/sindticccba.org.br\/wp-content\/uploads\/2024\/04\/Maio-300x189.jpg\" alt=\"\" width=\"300\" height=\"189\" srcset=\"https:\/\/sindticccba.org.br\/wp-content\/uploads\/2024\/04\/Maio-300x189.jpg 300w, https:\/\/sindticccba.org.br\/wp-content\/uploads\/2024\/04\/Maio-1024x643.jpg 1024w, https:\/\/sindticccba.org.br\/wp-content\/uploads\/2024\/04\/Maio-768x483.jpg 768w, https:\/\/sindticccba.org.br\/wp-content\/uploads\/2024\/04\/Maio-696x437.jpg 696w, https:\/\/sindticccba.org.br\/wp-content\/uploads\/2024\/04\/Maio-1068x671.jpg 1068w, https:\/\/sindticccba.org.br\/wp-content\/uploads\/2024\/04\/Maio.jpg 1200w\" sizes=\"auto, (max-width: 300px) 100vw, 300px\" \/><\/a><\/p>\n<p>Duda Quiroga*<br \/>\nDia do trabalhador e da trabalhadora, 1\u00b0 de Maio chegando. E quais s\u00e3o as nossas lutas hoje? Qual o di\u00e1logo que nos cabe estabelecer com os patr\u00f5es e com os governos?<\/p>\n<p>A m\u00fasica j\u00e1 diz: \u201cA gente quer comida, divers\u00e3o e arte\u201d. Sim, o povo est\u00e1 arrega\u00e7ando as mangas na reconstru\u00e7\u00e3o do Brasil e quer reconhecimento. Quer seguir tendo esperan\u00e7a em dias melhores. N\u00e3o entende a possibilidade posta de acabar com os m\u00ednimos constitucionais para sa\u00fade e educa\u00e7\u00e3o. Para barrar mais este desmonte do Estado, \u00e9 preciso a\u00e7\u00e3o e di\u00e1logo com governo, parlamentares e patr\u00f5es.<\/p>\n<p>N\u00f3s, da CUT, fomos acusados por alguns de n\u00e3o fazer luta nos dois primeiros governos Lula. Mas, de cara, se esquecem que organizamos cinco marchas da classe trabalhadora a Bras\u00edlia nesse per\u00edodo, como faremos agora, reivindicando manter e avan\u00e7ar em direitos para a classe trabalhadora.<\/p>\n<p>Essas mobiliza\u00e7\u00f5es contribu\u00edram, inclusive, para o sal\u00e1rio m\u00ednimo dobrar em oito anos. E mais: os mesmos cr\u00edticos n\u00e3o contam que no Lula 1 e Lula 2, n\u00f3s, trabalhadoras e trabalhadores, t\u00ednhamos ganho real nas mesas de negocia\u00e7\u00e3o com o patronato. N\u00f3s, empregados, conquistamos a participa\u00e7\u00e3o nos resultados nas empresas.<\/p>\n<p>Foram conquistas que combinavam mesas de negocia\u00e7\u00e3o com press\u00e3o nas ruas e greves, quando o di\u00e1logo era interrompido e era necess\u00e1rio destravar a mesa. Enfim, foram avan\u00e7os s\u00f3 poss\u00edveis com luta, estrat\u00e9gia, forma\u00e7\u00e3o e sabedoria.<\/p>\n<p><strong>Emprego e renda<\/strong><br \/>\n\u00c9 fruto desse momento da nossa hist\u00f3ria provar a teoria de que quando o sal\u00e1rio m\u00ednimo cresce al\u00e9m da infla\u00e7\u00e3o e \u00e0 luz do crescimento econ\u00f4mico, ele na verdade gera a possibilidade de criar novos postos de trabalho. Por qu\u00ea? Porque ele aquece a economia, porque os trabalhadores e trabalhadoras que ganham mais podem consumir mais, porque aumentam suas rendas. Ent\u00e3o, a redistribui\u00e7\u00e3o de renda gera um novo mercado consumidor, com capacidade de compra, com valoriza\u00e7\u00e3o, e isso vai ajudando nesse processo de aquecimento da economia, criando novos postos de trabalho.<\/p>\n<p>Hoje, al\u00e9m dessa l\u00f3gica, a gente v\u00ea como estrat\u00e9gia de gerar emprego e renda a retomada de obras paralisadas nos \u00faltimos dois governos. H\u00e1 perspectiva da constru\u00e7\u00e3o de novas escolas, institutos, hospitais, casas populares, etc. Ent\u00e3o, n\u00e3o \u00e9 s\u00f3 o emprego direto na obra, que \u00e9 um trabalho tempor\u00e1rio, mas tamb\u00e9m as ocupa\u00e7\u00f5es indiretas em toda a cadeia e o giro da roda da economia.<\/p>\n<p>A gente ainda est\u00e1 vendo a retomada da nossa ind\u00fastria e toda a pauta da transi\u00e7\u00e3o de matriz energ\u00e9tica que vem se consolidando. Enfim, ainda que a informalidade esteja muito grande, o governo Lula j\u00e1 voltou a criar postos de trabalho, o que permite ao povo ter esperan\u00e7a.<\/p>\n<p><strong>Quest\u00e3o da tecnologia<\/strong><br \/>\nOutro assunto importante quando discutimos postos de trabalho nos tempos atuais \u00e9 o avan\u00e7o da tecnologia, se ela vai tomar os nossos empregos. Aqui tamb\u00e9m cabe pensar o papel do Estado na sociedade. Um poss\u00edvel recurso seria estimular e valorizar a economia de cuidados, remunerar aqueles e aquelas que cuidam dos familiares, que adoecem, que envelhecem ou que s\u00e3o muito jovens.<\/p>\n<p>A mesma sociedade que teme extin\u00e7\u00e3o de postos de trabalho e que luta por trabalho decente convive com trabalho an\u00e1logo \u00e0 escravid\u00e3o. E a\u00ed vale ressaltar que, no primeiro ano do governo Lula, agora, em 2023, mais de 3 mil pessoas foram resgatadas desse tipo de situa\u00e7\u00e3o de trabalho an\u00e1logo \u00e0 escravid\u00e3o, seja na \u00e1rea rural, no setor de produ\u00e7\u00e3o ou nas casas das fam\u00edlias. \u00c9 preciso que a gente denuncie sempre que souber ou desconfiar. E que um patr\u00e3o que fa\u00e7a isso seja exemplarmente punido nos termos da lei. \u00c9 urgente que nos livremos desse mal que degrada homens e mulheres, assim como a imagem do Brasil perante a comunidade internacional.<br \/>\n<strong><br \/>\nNegocia\u00e7\u00e3o coletiva para servidores<\/strong><br \/>\nPor falar nas rela\u00e7\u00f5es internacionais, no final do \u00faltimo ano do segundo governo Lula, em 2010, o Brasil ratificou a conven\u00e7\u00e3o 151 da Organiza\u00e7\u00e3o Internacional do Trabalho, que trata do direito \u00e0 negocia\u00e7\u00e3o coletiva para servidores p\u00fablicos. Por\u00e9m, passados 13 anos, ainda falta aprovar uma legisla\u00e7\u00e3o nacional e de estados e munic\u00edpios que garantam de forma eficaz esse direito. Afinal, \u00e9 importante valorizar aquelas e aqueles que fazem o Estado.<\/p>\n<p>O esperan\u00e7ar que nos move aponta um 1\u00b0 de Maio de celebra\u00e7\u00e3o e luta. Sim! Que fa\u00e7amos shows e confraterniza\u00e7\u00f5es no nosso dia e sigamos numa grande marcha da classe trabalhadora a Bras\u00edlia, no dia 22, para defender um Brasil voltado para o povo brasileiro, com taxa\u00e7\u00e3o das grandes fortunas, valoriza\u00e7\u00e3o dos servidores e servidoras e investimentos que gerem emprego, trabalho, renda e dignidade humana.<\/p>\n<p>Isso n\u00e3o \u00e9 pedir muito. S\u00e3o sonhos que, na luta, vamos transformar em conquistas.<\/p>\n<p>*Duda Quiroga \u00e9 professora, psicopedagoga e membro da Executiva Nacional da CUT (dirigente do SinproRio, Sepe e CNTE)<\/p>\n","protected":false},"excerpt":{"rendered":"<p>O Dia do Trabalhador \u00e9 um momento importante para a classe trabalhadora se mobilizar pelas lutas para a cria\u00e7\u00e3o de emprego e renda no pa\u00eds Duda Quiroga* Dia do trabalhador e da trabalhadora, 1\u00b0 de Maio chegando. E quais s\u00e3o as nossas lutas hoje? Qual o di\u00e1logo que nos cabe estabelecer com os patr\u00f5es e [&hellip;]<\/p>\n","protected":false},"author":4,"featured_media":1613,"comment_status":"closed","ping_status":"closed","sticky":false,"template":"","format":"standard","meta":{"footnotes":""},"categories":[1],"tags":[],"class_list":{"0":"post-1612","1":"post","2":"type-post","3":"status-publish","4":"format-standard","5":"has-post-thumbnail","7":"category-noticias"},"_links":{"self":[{"href":"https:\/\/sindticccba.org.br\/index.php\/wp-json\/wp\/v2\/posts\/1612","targetHints":{"allow":["GET"]}}],"collection":[{"href":"https:\/\/sindticccba.org.br\/index.php\/wp-json\/wp\/v2\/posts"}],"about":[{"href":"https:\/\/sindticccba.org.br\/index.php\/wp-json\/wp\/v2\/types\/post"}],"author":[{"embeddable":true,"href":"https:\/\/sindticccba.org.br\/index.php\/wp-json\/wp\/v2\/users\/4"}],"replies":[{"embeddable":true,"href":"https:\/\/sindticccba.org.br\/index.php\/wp-json\/wp\/v2\/comments?post=1612"}],"version-history":[{"count":1,"href":"https:\/\/sindticccba.org.br\/index.php\/wp-json\/wp\/v2\/posts\/1612\/revisions"}],"predecessor-version":[{"id":1614,"href":"https:\/\/sindticccba.org.br\/index.php\/wp-json\/wp\/v2\/posts\/1612\/revisions\/1614"}],"wp:featuredmedia":[{"embeddable":true,"href":"https:\/\/sindticccba.org.br\/index.php\/wp-json\/wp\/v2\/media\/1613"}],"wp:attachment":[{"href":"https:\/\/sindticccba.org.br\/index.php\/wp-json\/wp\/v2\/media?parent=1612"}],"wp:term":[{"taxonomy":"category","embeddable":true,"href":"https:\/\/sindticccba.org.br\/index.php\/wp-json\/wp\/v2\/categories?post=1612"},{"taxonomy":"post_tag","embeddable":true,"href":"https:\/\/sindticccba.org.br\/index.php\/wp-json\/wp\/v2\/tags?post=1612"}],"curies":[{"name":"wp","href":"https:\/\/api.w.org\/{rel}","templated":true}]}}