{"id":1587,"date":"2024-04-23T16:03:31","date_gmt":"2024-04-23T19:03:31","guid":{"rendered":"https:\/\/sindticccba.org.br\/?p=1587"},"modified":"2024-04-23T16:04:21","modified_gmt":"2024-04-23T19:04:21","slug":"reuniao-com-prepostos-da-byd","status":"publish","type":"post","link":"https:\/\/sindticccba.org.br\/index.php\/2024\/04\/23\/reuniao-com-prepostos-da-byd\/","title":{"rendered":"REUNI\u00c3O COM PREPOSTOS DA BYD"},"content":{"rendered":"<p>Na tarde de hoje, 23\/04, aconteceu uma reuni\u00e3o entre prepostos brasileiros da montadora chinesa BYD e os sindicalistas Antonio Ubirajara, coordenador-geral do Sindticcc, e J\u00falio Bonfim, do Sindicato dos Metal\u00fargicos. O encontro teve como pauta as reivindica\u00e7\u00f5es das categorias de trabalhadores no processo de constru\u00e7\u00e3o da f\u00e1brica da empresa em Cama\u00e7ari.<\/p>\n<p><a href=\"https:\/\/sindticccba.org.br\/wp-content\/uploads\/2024\/04\/BYD.jpg\"><img loading=\"lazy\" decoding=\"async\" src=\"https:\/\/sindticccba.org.br\/wp-content\/uploads\/2024\/04\/BYD-300x225.jpg\" alt=\"\" width=\"300\" height=\"225\" class=\"alignnone size-medium wp-image-1588\" srcset=\"https:\/\/sindticccba.org.br\/wp-content\/uploads\/2024\/04\/BYD-300x225.jpg 300w, https:\/\/sindticccba.org.br\/wp-content\/uploads\/2024\/04\/BYD-1024x768.jpg 1024w, https:\/\/sindticccba.org.br\/wp-content\/uploads\/2024\/04\/BYD-768x576.jpg 768w, https:\/\/sindticccba.org.br\/wp-content\/uploads\/2024\/04\/BYD-696x522.jpg 696w, https:\/\/sindticccba.org.br\/wp-content\/uploads\/2024\/04\/BYD-1068x801.jpg 1068w, https:\/\/sindticccba.org.br\/wp-content\/uploads\/2024\/04\/BYD-265x198.jpg 265w, https:\/\/sindticccba.org.br\/wp-content\/uploads\/2024\/04\/BYD.jpg 1280w\" sizes=\"auto, (max-width: 300px) 100vw, 300px\" \/><\/a><\/p>\n","protected":false},"excerpt":{"rendered":"<p>Na tarde de hoje, 23\/04, aconteceu uma reuni\u00e3o entre prepostos brasileiros da montadora chinesa BYD e os sindicalistas Antonio Ubirajara, coordenador-geral do Sindticcc, e J\u00falio Bonfim, do Sindicato dos Metal\u00fargicos. O encontro teve como pauta as reivindica\u00e7\u00f5es das categorias de trabalhadores no processo de constru\u00e7\u00e3o da f\u00e1brica da empresa em Cama\u00e7ari.<\/p>\n","protected":false},"author":4,"featured_media":1588,"comment_status":"closed","ping_status":"closed","sticky":false,"template":"","format":"standard","meta":{"footnotes":""},"categories":[1],"tags":[],"class_list":{"0":"post-1587","1":"post","2":"type-post","3":"status-publish","4":"format-standard","5":"has-post-thumbnail","7":"category-noticias"},"_links":{"self":[{"href":"https:\/\/sindticccba.org.br\/index.php\/wp-json\/wp\/v2\/posts\/1587","targetHints":{"allow":["GET"]}}],"collection":[{"href":"https:\/\/sindticccba.org.br\/index.php\/wp-json\/wp\/v2\/posts"}],"about":[{"href":"https:\/\/sindticccba.org.br\/index.php\/wp-json\/wp\/v2\/types\/post"}],"author":[{"embeddable":true,"href":"https:\/\/sindticccba.org.br\/index.php\/wp-json\/wp\/v2\/users\/4"}],"replies":[{"embeddable":true,"href":"https:\/\/sindticccba.org.br\/index.php\/wp-json\/wp\/v2\/comments?post=1587"}],"version-history":[{"count":2,"href":"https:\/\/sindticccba.org.br\/index.php\/wp-json\/wp\/v2\/posts\/1587\/revisions"}],"predecessor-version":[{"id":1590,"href":"https:\/\/sindticccba.org.br\/index.php\/wp-json\/wp\/v2\/posts\/1587\/revisions\/1590"}],"wp:featuredmedia":[{"embeddable":true,"href":"https:\/\/sindticccba.org.br\/index.php\/wp-json\/wp\/v2\/media\/1588"}],"wp:attachment":[{"href":"https:\/\/sindticccba.org.br\/index.php\/wp-json\/wp\/v2\/media?parent=1587"}],"wp:term":[{"taxonomy":"category","embeddable":true,"href":"https:\/\/sindticccba.org.br\/index.php\/wp-json\/wp\/v2\/categories?post=1587"},{"taxonomy":"post_tag","embeddable":true,"href":"https:\/\/sindticccba.org.br\/index.php\/wp-json\/wp\/v2\/tags?post=1587"}],"curies":[{"name":"wp","href":"https:\/\/api.w.org\/{rel}","templated":true}]}}